{"id":31945,"date":"2025-05-19T05:12:16","date_gmt":"2025-05-19T05:12:16","guid":{"rendered":"https:\/\/haberbesiktas.tr\/?p=31945"},"modified":"2025-05-19T05:12:16","modified_gmt":"2025-05-19T05:12:16","slug":"dean-huijsen-real-madrid-gurur-verici","status":"publish","type":"post","link":"https:\/\/haberbesiktas.tr\/?p=31945","title":{"rendered":"Dean Huijsen: &#8220;Real Madrid gurur verici&#8221;"},"content":{"rendered":"<div>Bournemouth formas\u0131 giyen Dean Huijsen, Real Madrid&#8217;e transferi i\u00e7in \u00e7\u0131kan haberleri k\u0131ymetlendirdi.<\/p>\n<p> Huijsen, <strong>&#8220;Real Madrid&#8217;in sizinle ilgilenmesi \u00f6zel bir \u015feydir ve bu g\u00fczel performans g\u00f6sterdi\u011finiz manas\u0131na gelir. Real Madrid&#8217;in ilgisini duymak benim i\u00e7in bir onur, bu t\u00fcrl\u00fc bir bir kul\u00fcb\u00fcn benimle ilgilenmesi gurur verici.<\/strong>&#8221; s\u00f6zlerini kulland\u0131.<\/p>\n<p> 19 ya\u015f\u0131ndaki futbolcu, bu d\u00f6nem Bournemouth&#8217;ta ortaya koydu\u011fu performansla \u0130spanya Ulusal Kadrosu&#8217;na da se\u00e7ilmi\u015fti.<\/p>\n<p> Bournemouth&#8217;ta bu d\u00f6nem 27 ma\u00e7ta alana \u00e7\u0131kan Huijsen, 2 kere gol sevinci ya\u015fad\u0131.<\/p>\n<\/div>\n<p><\/p>\n","protected":false},"excerpt":{"rendered":"<p>Bournemouth formas\u0131 giyen Dean Huijsen, Real Madrid ile isminin ge\u00e7mesinin kendisi i\u00e7in gurur verici oldu\u011funu s\u00f6yledi.<\/p>\n","protected":false},"author":1,"featured_media":31946,"comment_status":"open","ping_status":"open","sticky":false,"template":"","format":"standard","meta":{"footnotes":""},"categories":[25],"tags":[],"class_list":["post-31945","post","type-post","status-publish","format-standard","has-post-thumbnail","hentry","category-futbol"],"_links":{"self":[{"href":"https:\/\/haberbesiktas.tr\/index.php?rest_route=\/wp\/v2\/posts\/31945","targetHints":{"allow":["GET"]}}],"collection":[{"href":"https:\/\/haberbesiktas.tr\/index.php?rest_route=\/wp\/v2\/posts"}],"about":[{"href":"https:\/\/haberbesiktas.tr\/index.php?rest_route=\/wp\/v2\/types\/post"}],"author":[{"embeddable":true,"href":"https:\/\/haberbesiktas.tr\/index.php?rest_route=\/wp\/v2\/users\/1"}],"replies":[{"embeddable":true,"href":"https:\/\/haberbesiktas.tr\/index.php?rest_route=%2Fwp%2Fv2%2Fcomments&post=31945"}],"version-history":[{"count":1,"href":"https:\/\/haberbesiktas.tr\/index.php?rest_route=\/wp\/v2\/posts\/31945\/revisions"}],"predecessor-version":[{"id":31947,"href":"https:\/\/haberbesiktas.tr\/index.php?rest_route=\/wp\/v2\/posts\/31945\/revisions\/31947"}],"wp:featuredmedia":[{"embeddable":true,"href":"https:\/\/haberbesiktas.tr\/index.php?rest_route=\/wp\/v2\/media\/31946"}],"wp:attachment":[{"href":"https:\/\/haberbesiktas.tr\/index.php?rest_route=%2Fwp%2Fv2%2Fmedia&parent=31945"}],"wp:term":[{"taxonomy":"category","embeddable":true,"href":"https:\/\/haberbesiktas.tr\/index.php?rest_route=%2Fwp%2Fv2%2Fcategories&post=31945"},{"taxonomy":"post_tag","embeddable":true,"href":"https:\/\/haberbesiktas.tr\/index.php?rest_route=%2Fwp%2Fv2%2Ftags&post=31945"}],"curies":[{"name":"wp","href":"https:\/\/api.w.org\/{rel}","templated":true}]}}