{"id":31978,"date":"2025-05-19T06:48:17","date_gmt":"2025-05-19T06:48:17","guid":{"rendered":"https:\/\/haberbesiktas.tr\/?p=31978"},"modified":"2025-05-19T06:48:17","modified_gmt":"2025-05-19T06:48:17","slug":"besiktas-alvyn-sanches-icin-sartlari-zorlayacak","status":"publish","type":"post","link":"https:\/\/haberbesiktas.tr\/?p=31978","title":{"rendered":"Be\u015fikta\u015f, Alvyn Sanches i\u00e7in \u015fartlar\u0131 zorlayacak!"},"content":{"rendered":"<div>Yeni d\u00f6nem i\u00e7in transfer \u00e7al\u0131\u015fmalar\u0131n\u0131 s\u00fcrd\u00fcren Be\u015fikta\u015f&#8217;\u0131n g\u00fcndemine Lausanne-Sport&#8217;ta forma giyen Alvyn Sanches ismi geldi. <\/p>\n<p>Siyah-beyazl\u0131lar, 22 ya\u015f\u0131ndaki oyuncu ile orta transfer devrinde de ilgilenmi\u015f fakat \u0130svi\u00e7re tak\u0131m\u0131 oyuncu i\u00e7in \u00f6nerilen say\u0131s\u0131 kabul etmemi\u015fti. \u0130svi\u00e7reli oyuncuyu yeni d\u00f6nemde tak\u0131m\u0131nda g\u00f6rmek isteyen Siyah beyazl\u0131lar\u0131n Lausanne&#8217;e yine teklifte bulunaca\u011f\u0131 \u00f6\u011frenildi.<\/p>\n<p> <strong>17 GOLE KATKI YAPTI<\/strong><\/p>\n<p> Bu d\u00f6nem \u0130svi\u00e7re grubuyla \u00e7\u0131kt\u0131\u011f\u0131 27 ma\u00e7a \u00e7\u0131kan Sanches kelam konusu m\u00fcsabakalarda 13 gol, 4 asistlik performans sergiledi. 8 ve 10 numara durumlar\u0131nda misyon yapan oyuncunun kontrat\u0131 2026 y\u0131l\u0131nda sona erecek. <\/p>\n<p><strong>DE\u011eER\u0130 9 M\u0130LYON<\/strong><\/p>\n<p>Avrupa tak\u0131mlar\u0131n\u0131n radar\u0131nda yer alan gen\u00e7 futbolcuya yeni bilgilere nazaran 9 milyon Euro bedel bi\u00e7iliyor. Be\u015fikta\u015f, 22 ya\u015f\u0131ndaki oyuncu i\u00e7in \u0130svi\u00e7re tak\u0131m\u0131na 5 milyon euro teklif sunmu\u015ftu.\u00a0<\/p>\n<\/div>\n<p><\/p>\n","protected":false},"excerpt":{"rendered":"<p>Be\u015fikta\u015f idaresi teklif yap\u0131lan lakin kabul olmayan Alvyn Sanches transferi i\u00e7in kurallar\u0131n\u0131 zorlayacak.<\/p>\n","protected":false},"author":1,"featured_media":31979,"comment_status":"open","ping_status":"open","sticky":false,"template":"","format":"standard","meta":{"footnotes":""},"categories":[25],"tags":[49],"class_list":["post-31978","post","type-post","status-publish","format-standard","has-post-thumbnail","hentry","category-futbol","tag-oyuncu"],"_links":{"self":[{"href":"https:\/\/haberbesiktas.tr\/index.php?rest_route=\/wp\/v2\/posts\/31978","targetHints":{"allow":["GET"]}}],"collection":[{"href":"https:\/\/haberbesiktas.tr\/index.php?rest_route=\/wp\/v2\/posts"}],"about":[{"href":"https:\/\/haberbesiktas.tr\/index.php?rest_route=\/wp\/v2\/types\/post"}],"author":[{"embeddable":true,"href":"https:\/\/haberbesiktas.tr\/index.php?rest_route=\/wp\/v2\/users\/1"}],"replies":[{"embeddable":true,"href":"https:\/\/haberbesiktas.tr\/index.php?rest_route=%2Fwp%2Fv2%2Fcomments&post=31978"}],"version-history":[{"count":1,"href":"https:\/\/haberbesiktas.tr\/index.php?rest_route=\/wp\/v2\/posts\/31978\/revisions"}],"predecessor-version":[{"id":31980,"href":"https:\/\/haberbesiktas.tr\/index.php?rest_route=\/wp\/v2\/posts\/31978\/revisions\/31980"}],"wp:featuredmedia":[{"embeddable":true,"href":"https:\/\/haberbesiktas.tr\/index.php?rest_route=\/wp\/v2\/media\/31979"}],"wp:attachment":[{"href":"https:\/\/haberbesiktas.tr\/index.php?rest_route=%2Fwp%2Fv2%2Fmedia&parent=31978"}],"wp:term":[{"taxonomy":"category","embeddable":true,"href":"https:\/\/haberbesiktas.tr\/index.php?rest_route=%2Fwp%2Fv2%2Fcategories&post=31978"},{"taxonomy":"post_tag","embeddable":true,"href":"https:\/\/haberbesiktas.tr\/index.php?rest_route=%2Fwp%2Fv2%2Ftags&post=31978"}],"curies":[{"name":"wp","href":"https:\/\/api.w.org\/{rel}","templated":true}]}}