{"id":32002,"date":"2025-05-19T08:24:17","date_gmt":"2025-05-19T08:24:17","guid":{"rendered":"https:\/\/haberbesiktas.tr\/?p=32002"},"modified":"2025-05-19T08:24:17","modified_gmt":"2025-05-19T08:24:17","slug":"fenerbahce-yonetiminden-samandira-karari","status":"publish","type":"post","link":"https:\/\/haberbesiktas.tr\/?p=32002","title":{"rendered":"Fenerbah\u00e7e y\u00f6netiminden Samand\u0131ra karar\u0131"},"content":{"rendered":"<div>Milli ortaya Samsunspor beraberli\u011fiyle giren ve \u00f6nder Galatasaray&#8217;\u0131n 9 puan gerisine d\u00fc\u015fen Fenerbah\u00e7e, \u015fampiyonluktan \u00fcmidini kesmi\u015f de\u011fil.<\/p>\n<p> Sar\u0131- lacivertliler, S\u00fcper Lig&#8217;de kalan haftalarda oynayaca\u011f\u0131 t\u00fcm ma\u00e7lar\u0131 kazanaca\u011f\u0131na inan\u0131yor. Fenerbah\u00e7e, 10 ma\u00e7ta 30 puan\u0131 hanesine yazd\u0131r\u0131p ezeli rakibinin puan kayb\u0131n\u0131 bekleyecek.<\/p>\n<p> \u0130dare \u00f6n\u00fcm\u00fczdeki hafta Samand\u0131ra&#8217;ya \u00e7\u0131karma yap\u0131p hem futbolcular hem de teknik heyetle uzun bir toplant\u0131 yapacak.<\/p>\n<p> <strong>G\u00d6R\u00dcLMEM\u0130\u015e \u015eAMP\u0130YONLUK PR\u0130M\u0130<\/strong><\/p>\n<p> Lider Ali Ko\u00e7&#8217;un da kat\u0131laca\u011f\u0131 bu g\u00f6r\u00fc\u015fmede oyunculara moral ve motivasyon a\u015f\u0131lanacak. Ayr\u0131yeten d\u00f6nem sonunda \u015fampiyonluk gelmesi halinde t\u00fcm futbolculara bu vakte kadar g\u00f6r\u00fclmemi\u015f bir &#8216;\u015fampiyonluk primi&#8217; vaat edilecek.\u00a0<\/p>\n<div>\u00a0<\/div>\n<\/div>\n<p><\/p>\n","protected":false},"excerpt":{"rendered":"<p>Fenerbah\u00e7e&#8217;de idare, \u00f6n\u00fcm\u00fczdeki hafta Samand\u0131ra&#8217;ya gidecekk. Lider Ali Ko\u00e7&#8217;un da kat\u0131laca\u011f\u0131 toplant\u0131da futbolcularla bir g\u00f6r\u00fc\u015fme ger\u00e7ekle\u015ftirilecek ve g\u00f6r\u00fclmemi\u015f bir \u015fampiyonluk primi a\u00e7\u0131klanacak.<\/p>\n","protected":false},"author":1,"featured_media":32003,"comment_status":"open","ping_status":"open","sticky":false,"template":"","format":"standard","meta":{"footnotes":""},"categories":[25],"tags":[],"class_list":["post-32002","post","type-post","status-publish","format-standard","has-post-thumbnail","hentry","category-futbol"],"_links":{"self":[{"href":"https:\/\/haberbesiktas.tr\/index.php?rest_route=\/wp\/v2\/posts\/32002","targetHints":{"allow":["GET"]}}],"collection":[{"href":"https:\/\/haberbesiktas.tr\/index.php?rest_route=\/wp\/v2\/posts"}],"about":[{"href":"https:\/\/haberbesiktas.tr\/index.php?rest_route=\/wp\/v2\/types\/post"}],"author":[{"embeddable":true,"href":"https:\/\/haberbesiktas.tr\/index.php?rest_route=\/wp\/v2\/users\/1"}],"replies":[{"embeddable":true,"href":"https:\/\/haberbesiktas.tr\/index.php?rest_route=%2Fwp%2Fv2%2Fcomments&post=32002"}],"version-history":[{"count":1,"href":"https:\/\/haberbesiktas.tr\/index.php?rest_route=\/wp\/v2\/posts\/32002\/revisions"}],"predecessor-version":[{"id":32004,"href":"https:\/\/haberbesiktas.tr\/index.php?rest_route=\/wp\/v2\/posts\/32002\/revisions\/32004"}],"wp:featuredmedia":[{"embeddable":true,"href":"https:\/\/haberbesiktas.tr\/index.php?rest_route=\/wp\/v2\/media\/32003"}],"wp:attachment":[{"href":"https:\/\/haberbesiktas.tr\/index.php?rest_route=%2Fwp%2Fv2%2Fmedia&parent=32002"}],"wp:term":[{"taxonomy":"category","embeddable":true,"href":"https:\/\/haberbesiktas.tr\/index.php?rest_route=%2Fwp%2Fv2%2Fcategories&post=32002"},{"taxonomy":"post_tag","embeddable":true,"href":"https:\/\/haberbesiktas.tr\/index.php?rest_route=%2Fwp%2Fv2%2Ftags&post=32002"}],"curies":[{"name":"wp","href":"https:\/\/api.w.org\/{rel}","templated":true}]}}