{"id":32005,"date":"2025-05-19T08:36:18","date_gmt":"2025-05-19T08:36:18","guid":{"rendered":"https:\/\/haberbesiktas.tr\/?p=32005"},"modified":"2025-05-19T08:36:18","modified_gmt":"2025-05-19T08:36:18","slug":"fenerbahcede-yeni-sezon-toplantisi","status":"publish","type":"post","link":"https:\/\/haberbesiktas.tr\/?p=32005","title":{"rendered":"Fenerbah\u00e7e&#8217;de yeni sezon toplant\u0131s\u0131!"},"content":{"rendered":"<div>Fenerbah\u00e7e, gelecek d\u00f6nemin haz\u0131rl\u0131klar\u0131na s\u00fcrat verdi. Sar\u0131-lacivertliler, teknik y\u00f6netici Jose Mourinho ile yoluna devam etme karar\u0131 al\u0131rken, tak\u0131m planlamas\u0131 i\u00e7in \u00e7al\u0131\u015fmalar ba\u015flad\u0131.<\/p>\n<p> <strong>KALANLAR VE G\u0130DENLER BEL\u0130RLENECEK<\/strong><\/p>\n<p> Yeni d\u00f6nem \u00f6ncesinde Mourinho ve idare ortas\u0131nda kapsaml\u0131 bir fikir al\u0131\u015fveri\u015fi yap\u0131lacak. Kadrodan ayr\u0131lacak ve tak\u0131mda tutulacak oyuncular \u00fczerinde de\u011ferlendirmeler s\u00fcrerken, teknik grubun planlamas\u0131 do\u011frultusunda at\u0131l\u0131mlar ger\u00e7ekle\u015ftirilecek.<\/p>\n<p> <strong>\u00dc\u00c7L\u00dcYE DEVAM<\/strong><\/p>\n<p> Jose Mourinho&#8217;nun mevcut sisteminden mutlu oldu\u011fu ve gelecek d\u00f6nemde da \u00fc\u00e7l\u00fc savunma tertibini s\u00fcrd\u00fcrmeyi planlad\u0131\u011f\u0131 \u00f6\u011frenildi. Portekizli teknik adam\u0131n bu yap\u0131ya uygun yeni transferler istedi\u011fi belirtilirken, sar\u0131-lacivertli idare transfer listesini netle\u015ftirmek i\u00e7in a\u011f\u0131r mesai harc\u0131yor.<\/p>\n<p> Liste kat\u0131la\u015ft\u0131ktan sonra Fenerbah\u00e7e idaresinin, ama\u00e7taki isimlerle resmi g\u00f6r\u00fc\u015fmelere ba\u015flamas\u0131 bekleniyor.\u00a0<\/p>\n<div>\u00a0<\/div>\n<\/div>\n<p><\/p>\n","protected":false},"excerpt":{"rendered":"<p>Fenerbah\u00e7e&#8217;de idare ile Mourinho ortas\u0131nda yeni d\u00f6nemin tak\u0131m planlamas\u0131 yap\u0131lmaya ba\u015fland\u0131.<\/p>\n","protected":false},"author":1,"featured_media":32006,"comment_status":"open","ping_status":"open","sticky":false,"template":"","format":"standard","meta":{"footnotes":""},"categories":[25],"tags":[],"class_list":["post-32005","post","type-post","status-publish","format-standard","has-post-thumbnail","hentry","category-futbol"],"_links":{"self":[{"href":"https:\/\/haberbesiktas.tr\/index.php?rest_route=\/wp\/v2\/posts\/32005","targetHints":{"allow":["GET"]}}],"collection":[{"href":"https:\/\/haberbesiktas.tr\/index.php?rest_route=\/wp\/v2\/posts"}],"about":[{"href":"https:\/\/haberbesiktas.tr\/index.php?rest_route=\/wp\/v2\/types\/post"}],"author":[{"embeddable":true,"href":"https:\/\/haberbesiktas.tr\/index.php?rest_route=\/wp\/v2\/users\/1"}],"replies":[{"embeddable":true,"href":"https:\/\/haberbesiktas.tr\/index.php?rest_route=%2Fwp%2Fv2%2Fcomments&post=32005"}],"version-history":[{"count":1,"href":"https:\/\/haberbesiktas.tr\/index.php?rest_route=\/wp\/v2\/posts\/32005\/revisions"}],"predecessor-version":[{"id":32007,"href":"https:\/\/haberbesiktas.tr\/index.php?rest_route=\/wp\/v2\/posts\/32005\/revisions\/32007"}],"wp:featuredmedia":[{"embeddable":true,"href":"https:\/\/haberbesiktas.tr\/index.php?rest_route=\/wp\/v2\/media\/32006"}],"wp:attachment":[{"href":"https:\/\/haberbesiktas.tr\/index.php?rest_route=%2Fwp%2Fv2%2Fmedia&parent=32005"}],"wp:term":[{"taxonomy":"category","embeddable":true,"href":"https:\/\/haberbesiktas.tr\/index.php?rest_route=%2Fwp%2Fv2%2Fcategories&post=32005"},{"taxonomy":"post_tag","embeddable":true,"href":"https:\/\/haberbesiktas.tr\/index.php?rest_route=%2Fwp%2Fv2%2Ftags&post=32005"}],"curies":[{"name":"wp","href":"https:\/\/api.w.org\/{rel}","templated":true}]}}