{"id":32008,"date":"2025-05-19T08:48:16","date_gmt":"2025-05-19T08:48:16","guid":{"rendered":"https:\/\/haberbesiktas.tr\/?p=32008"},"modified":"2025-05-19T08:48:16","modified_gmt":"2025-05-19T08:48:16","slug":"fenerbahcede-gundem-18lik-rayan","status":"publish","type":"post","link":"https:\/\/haberbesiktas.tr\/?p=32008","title":{"rendered":"Fenerbah\u00e7e&#8217;de g\u00fcndem 18&#8217;lik Rayan!"},"content":{"rendered":"<div>Yeni d\u00f6nemde tak\u0131m\u0131n\u0131 hem gen\u00e7le\u015ftirmek hem de g\u00fc\u00e7lendirmek isteyen Fenerbah\u00e7e&#8217;de \u00e7al\u0131\u015fmalar ba\u015flad\u0131. \u0130dare, scout tak\u0131m\u0131ndan gelen raporlar do\u011frultusunda teknik y\u00f6netici Jose Mourinho&#8217;yla fikir al\u0131\u015fveri\u015fi yap\u0131yor.<\/p>\n<p> Bu g\u00f6r\u00fc\u015fmelerde gelecek d\u00f6nem i\u00e7in bir isim \u00f6n plana \u00e7\u0131kt\u0131: Rayan Rocha.<\/p>\n<p> Vasco&#8217;da forma giyen 18 ya\u015f\u0131ndaki futbolcu i\u00e7in Jose Mourinho&#8217;dan olur alan sportif y\u00f6netici Branco birinci yoklamay\u0131 yapt\u0131.<\/p>\n<p> <strong>5 MA\u00c7TA 2 GOL ATTI<\/strong><\/p>\n<p> Vasco altyap\u0131s\u0131nda yeti\u015fen ve 2023&#8217;te A gruba \u00e7\u0131kan Rayan, bu d\u00f6nem Copa do Bresil ve Campenato Carioca&#8217;da toplamda 5 ma\u00e7a \u00e7\u0131kt\u0131 ve 350 dakika alanda kald\u0131. 18 ya\u015f\u0131ndaki kanat oyuncusu 2 defa gol sevinci ya\u015fad\u0131.<\/p>\n<p> <strong>BU SENE KONTRATI B\u0130T\u0130YOR<\/strong><\/p>\n<p> Piyasa k\u0131ymeti 10 milyon euro olan Rayan&#8217;\u0131n kontrat\u0131 31 Aral\u0131k&#8217;ta sona erecek. Fenerbah\u00e7e, bu durumu f\u0131rsata \u00e7evirip oyuncu i\u00e7in 10 milyon euro teklif etmeyi planl\u0131yor. Resmi te\u015febb\u00fcsler k\u0131sa m\u00fcddette ba\u015flayacak.<\/p>\n<\/div>\n<p><\/p>\n","protected":false},"excerpt":{"rendered":"<p>Taraftarlar\u0131na \u015fampiyonluk m\u00fcjdelemek isteyen Fenerbah\u00e7e, Jose Mourinho \u00f6nderli\u011finde \u00f6n\u00fcm\u00fczdeki d\u00f6nemin \u00e7al\u0131\u015fmalar\u0131na ba\u015flad\u0131. Sar\u0131 lacivertlilerde g\u00fcndeme Vasco&#8217;nun gen\u00e7 y\u0131ld\u0131z\u0131 Rayan Rocha geldi.<\/p>\n","protected":false},"author":1,"featured_media":32009,"comment_status":"open","ping_status":"open","sticky":false,"template":"","format":"standard","meta":{"footnotes":""},"categories":[25],"tags":[],"class_list":["post-32008","post","type-post","status-publish","format-standard","has-post-thumbnail","hentry","category-futbol"],"_links":{"self":[{"href":"https:\/\/haberbesiktas.tr\/index.php?rest_route=\/wp\/v2\/posts\/32008","targetHints":{"allow":["GET"]}}],"collection":[{"href":"https:\/\/haberbesiktas.tr\/index.php?rest_route=\/wp\/v2\/posts"}],"about":[{"href":"https:\/\/haberbesiktas.tr\/index.php?rest_route=\/wp\/v2\/types\/post"}],"author":[{"embeddable":true,"href":"https:\/\/haberbesiktas.tr\/index.php?rest_route=\/wp\/v2\/users\/1"}],"replies":[{"embeddable":true,"href":"https:\/\/haberbesiktas.tr\/index.php?rest_route=%2Fwp%2Fv2%2Fcomments&post=32008"}],"version-history":[{"count":1,"href":"https:\/\/haberbesiktas.tr\/index.php?rest_route=\/wp\/v2\/posts\/32008\/revisions"}],"predecessor-version":[{"id":32010,"href":"https:\/\/haberbesiktas.tr\/index.php?rest_route=\/wp\/v2\/posts\/32008\/revisions\/32010"}],"wp:featuredmedia":[{"embeddable":true,"href":"https:\/\/haberbesiktas.tr\/index.php?rest_route=\/wp\/v2\/media\/32009"}],"wp:attachment":[{"href":"https:\/\/haberbesiktas.tr\/index.php?rest_route=%2Fwp%2Fv2%2Fmedia&parent=32008"}],"wp:term":[{"taxonomy":"category","embeddable":true,"href":"https:\/\/haberbesiktas.tr\/index.php?rest_route=%2Fwp%2Fv2%2Fcategories&post=32008"},{"taxonomy":"post_tag","embeddable":true,"href":"https:\/\/haberbesiktas.tr\/index.php?rest_route=%2Fwp%2Fv2%2Ftags&post=32008"}],"curies":[{"name":"wp","href":"https:\/\/api.w.org\/{rel}","templated":true}]}}