{"id":32011,"date":"2025-05-19T09:00:18","date_gmt":"2025-05-19T09:00:18","guid":{"rendered":"https:\/\/haberbesiktas.tr\/?p=32011"},"modified":"2025-05-19T09:00:18","modified_gmt":"2025-05-19T09:00:18","slug":"besiktasta-arroyo-derbiye-kil-payi-yetisiyor","status":"publish","type":"post","link":"https:\/\/haberbesiktas.tr\/?p=32011","title":{"rendered":"Be\u015fikta\u015f&#8217;ta Arroyo, derbiye k\u0131l pay\u0131 yeti\u015fiyor!"},"content":{"rendered":"<div>Ekvador ulusal kadro kamp\u0131nda bulunun Be\u015fikta\u015f futbolcusu Keny Arroyo, ulusal orta sonras\u0131 oynanacak Galatasaray derbisine uzun bir u\u00e7ak seyahatinin akabinde 1 g\u00fcn evvel yeti\u015febilecek.<\/p>\n<p><strong>14 SAATL\u0130K U\u00c7U\u015e!<\/strong><\/p>\n<p>Gen\u00e7 futbolcu 26 Mart g\u00fcn\u00fc Ekvador&#8217;un \u015eili ile yapaca\u011f\u0131 ma\u00e7\u0131n akabinde T\u00fcrkiye&#8217;ye yola \u00e7\u0131kacak. \u00dclkesinden \u0130stanbul&#8217;a 14 saatlik bir u\u00e7u\u015f m\u00fcddeti olan futbolcu 28 Mart Cuma g\u00fcn\u00fc \u0130stanbul&#8217;da olacak. <\/p>\n<p>Oyuncunun derbi \u00f6ncesi ak\u015fam\u0131 ger\u00e7ekle\u015ftirilecek olan son idmanda olmas\u0131 bekleniyor.<\/p><\/div>\n<p><\/p>\n","protected":false},"excerpt":{"rendered":"<p>Be\u015fikta\u015f&#8217;a devre ortas\u0131 kat\u0131lan Keny Arroyo, Ekvador ulusal ekibine \u00e7a\u011fr\u0131lm\u0131\u015ft\u0131. Ulusal orta d\u00f6n\u00fc\u015f\u00fc uzun bir seyahat yapacak oyuncu derbiden fakat 1 g\u00fcn evvel \u0130stanbul&#8217;a inecek.<\/p>\n","protected":false},"author":1,"featured_media":32012,"comment_status":"open","ping_status":"open","sticky":false,"template":"","format":"standard","meta":{"footnotes":""},"categories":[25],"tags":[],"class_list":["post-32011","post","type-post","status-publish","format-standard","has-post-thumbnail","hentry","category-futbol"],"_links":{"self":[{"href":"https:\/\/haberbesiktas.tr\/index.php?rest_route=\/wp\/v2\/posts\/32011","targetHints":{"allow":["GET"]}}],"collection":[{"href":"https:\/\/haberbesiktas.tr\/index.php?rest_route=\/wp\/v2\/posts"}],"about":[{"href":"https:\/\/haberbesiktas.tr\/index.php?rest_route=\/wp\/v2\/types\/post"}],"author":[{"embeddable":true,"href":"https:\/\/haberbesiktas.tr\/index.php?rest_route=\/wp\/v2\/users\/1"}],"replies":[{"embeddable":true,"href":"https:\/\/haberbesiktas.tr\/index.php?rest_route=%2Fwp%2Fv2%2Fcomments&post=32011"}],"version-history":[{"count":1,"href":"https:\/\/haberbesiktas.tr\/index.php?rest_route=\/wp\/v2\/posts\/32011\/revisions"}],"predecessor-version":[{"id":32013,"href":"https:\/\/haberbesiktas.tr\/index.php?rest_route=\/wp\/v2\/posts\/32011\/revisions\/32013"}],"wp:featuredmedia":[{"embeddable":true,"href":"https:\/\/haberbesiktas.tr\/index.php?rest_route=\/wp\/v2\/media\/32012"}],"wp:attachment":[{"href":"https:\/\/haberbesiktas.tr\/index.php?rest_route=%2Fwp%2Fv2%2Fmedia&parent=32011"}],"wp:term":[{"taxonomy":"category","embeddable":true,"href":"https:\/\/haberbesiktas.tr\/index.php?rest_route=%2Fwp%2Fv2%2Fcategories&post=32011"},{"taxonomy":"post_tag","embeddable":true,"href":"https:\/\/haberbesiktas.tr\/index.php?rest_route=%2Fwp%2Fv2%2Ftags&post=32011"}],"curies":[{"name":"wp","href":"https:\/\/api.w.org\/{rel}","templated":true}]}}