{"id":32017,"date":"2025-05-19T09:24:22","date_gmt":"2025-05-19T09:24:22","guid":{"rendered":"https:\/\/haberbesiktas.tr\/?p=32017"},"modified":"2025-05-19T09:24:22","modified_gmt":"2025-05-19T09:24:22","slug":"fenerbahce-tffye-basvuru-yapacak","status":"publish","type":"post","link":"https:\/\/haberbesiktas.tr\/?p=32017","title":{"rendered":"Fenerbah\u00e7e TFF&#8217;ye ba\u015fvuru yapacak!"},"content":{"rendered":"<div>Samsunspor kars\u0327\u0131s\u0131nda c\u0327ok kritik puan kayb\u0131 yas\u0327ay\u0131p bir mac\u0327 eksikle Galatasaray&#8217;\u0131n 9 puan gerisine du\u0308s\u0327en Fenerbahc\u0327e&#8217;yi ulusal orta sonras\u0131 da g\u00fc\u00e7l\u00fc gu\u0308nler bekliyor. Sar\u0131 lacivertliler, lige tutunmak isteyen son haftalar\u0131n flas\u0327 grubu Bodrum ile 28 Mart Cuma gu\u0308nu\u0308 deplasmanda kars\u0327\u0131las\u0327acak. <\/p>\n<p>Teknik Direkto\u0308r Jose Mourinho&#8217;nun oyun sisteminin iki o\u0308nemli ismi Youssef En-Nesyri ve Sofyan Amrabat, Fas Ulusal Ekibi&#8217;yle iki o\u0308nemli mac\u0327a c\u0327\u0131kacak. 22 Mart&#8217;ta Nijer deplasman\u0131nda forma giyecek olan ikili, 26 Mart&#8217;ta Tanzanya mac\u0327\u0131na c\u0327\u0131kacak.<\/p>\n<p> <strong>YO\u0308NETI\u0307M TEPKI\u0307LI\u0307<\/strong><\/p>\n<p>Bu kars\u0327\u0131las\u0327ma TSI\u0307 00.30&#8217;da bas\u0327layacak. Fenerbahc\u0327e&#8217;nin Fasl\u0131 y\u0131ld\u0131zlar\u0131, gece gec\u0327 saatlerde uc\u0327ag\u0306a binip, Tu\u0308rkiye&#8217;nin yolunu tutacak. <\/p>\n<p>Pers\u0327embe gu\u0308nu\u0308n birinci \u0131s\u0327\u0131klar\u0131yla I\u0307stanbul&#8217;da olmas\u0131 beklenen iki futbolcu, antrenman bile yapamadan kafileyle Bodrum&#8217;a hareket edecek. Fenerbahc\u0327e yo\u0308netimi, TFF&#8217;nin yanl\u0131s\u0327 fikstu\u0308r planlamas\u0131ndan \u00f6t\u00fcr\u00fc bir olduk\u00e7a reaksiyonlu. Bodrum mac\u0327\u0131n\u0131n ertelenmesi ic\u0327in giris\u0327imlere bas\u0327lanmas\u0131 bekleniyor.\u00a0<\/p>\n<div>\u00a0<\/div>\n<\/div>\n<p><\/p>\n","protected":false},"excerpt":{"rendered":"<p>Ulusal ekiplere giden En Nesyri ile Amrabat&#8217;\u0131n T\u00fcrkiye&#8217;ye d\u00f6n\u00fc\u015f\u00fcn\u00fcn per\u015fembe sabah saatlerini bulmas\u0131 bekleniyor. \u0130ki futbolcu, egzersiz bile yapamadan kafileye dahil olacak. Fenerbah\u00e7e, TFF&#8217;den ma\u00e7\u0131n ertelenmesini isteyecek.<\/p>\n","protected":false},"author":1,"featured_media":32018,"comment_status":"open","ping_status":"open","sticky":false,"template":"","format":"standard","meta":{"footnotes":""},"categories":[25],"tags":[],"class_list":["post-32017","post","type-post","status-publish","format-standard","has-post-thumbnail","hentry","category-futbol"],"_links":{"self":[{"href":"https:\/\/haberbesiktas.tr\/index.php?rest_route=\/wp\/v2\/posts\/32017","targetHints":{"allow":["GET"]}}],"collection":[{"href":"https:\/\/haberbesiktas.tr\/index.php?rest_route=\/wp\/v2\/posts"}],"about":[{"href":"https:\/\/haberbesiktas.tr\/index.php?rest_route=\/wp\/v2\/types\/post"}],"author":[{"embeddable":true,"href":"https:\/\/haberbesiktas.tr\/index.php?rest_route=\/wp\/v2\/users\/1"}],"replies":[{"embeddable":true,"href":"https:\/\/haberbesiktas.tr\/index.php?rest_route=%2Fwp%2Fv2%2Fcomments&post=32017"}],"version-history":[{"count":1,"href":"https:\/\/haberbesiktas.tr\/index.php?rest_route=\/wp\/v2\/posts\/32017\/revisions"}],"predecessor-version":[{"id":32019,"href":"https:\/\/haberbesiktas.tr\/index.php?rest_route=\/wp\/v2\/posts\/32017\/revisions\/32019"}],"wp:featuredmedia":[{"embeddable":true,"href":"https:\/\/haberbesiktas.tr\/index.php?rest_route=\/wp\/v2\/media\/32018"}],"wp:attachment":[{"href":"https:\/\/haberbesiktas.tr\/index.php?rest_route=%2Fwp%2Fv2%2Fmedia&parent=32017"}],"wp:term":[{"taxonomy":"category","embeddable":true,"href":"https:\/\/haberbesiktas.tr\/index.php?rest_route=%2Fwp%2Fv2%2Fcategories&post=32017"},{"taxonomy":"post_tag","embeddable":true,"href":"https:\/\/haberbesiktas.tr\/index.php?rest_route=%2Fwp%2Fv2%2Ftags&post=32017"}],"curies":[{"name":"wp","href":"https:\/\/api.w.org\/{rel}","templated":true}]}}