{"id":32032,"date":"2025-05-19T10:24:13","date_gmt":"2025-05-19T10:24:13","guid":{"rendered":"https:\/\/haberbesiktas.tr\/?p=32032"},"modified":"2025-05-19T10:24:13","modified_gmt":"2025-05-19T10:24:13","slug":"busenaz-surmeneli-ali-koc-bana-motivasyon-sagladi","status":"publish","type":"post","link":"https:\/\/haberbesiktas.tr\/?p=32032","title":{"rendered":"Busenaz S\u00fcrmeneli: &#8220;Ali Ko\u00e7, bana motivasyon sa\u011flad\u0131&#8221;"},"content":{"rendered":"<p>S\u0131rbistan&#8217;da d\u00fczenlenen D\u00fcnya Bayanlar Boks \u015eampiyonas\u0131&#8217;na Fenerbah\u00e7eli atletler damga vurdu. Finale kalan 4 boks\u00f6r de sar\u0131-lacivertli kul\u00fcb\u00fcn b\u00fcnyesinde yer al\u0131yordu. <\/p>\n<p>Hatice Akba\u015f, Buse Naz \u00c7ak\u0131ro\u011flu ve B\u00fc\u015fra I\u015f\u0131ldar g\u00fcm\u00fc\u015f madalya kazan\u0131rken, Busenaz S\u00fcrmeneli \u00fc\u00e7\u00fcnc\u00fc sefer d\u00fcnya \u015fampiyonu oldu.\u00a0<\/p>\n<p> <strong>Soru:<\/strong> &#8220;Paris Olimpiyatlar\u0131 istedi\u011fin bi\u00e7imde ge\u00e7memi\u015fti, art\u0131k d\u00fcnya \u015fampiyonlu\u011fu kazand\u0131n, neler s\u00f6ylemek istersin?&#8221;<\/p>\n<p> <strong>&#8220;Paris Olimpiyatlar\u0131 benim i\u00e7in b\u00fcy\u00fck bir ders oldu. Spor hayat\u0131 ini\u015f \u00e7\u0131k\u0131\u015flarla dolu ve bazen istedi\u011finiz sonucu alamayabiliyorsunuz. Lakin k\u0131ymetli olan vazge\u00e7memek. Bana inanan herkese borcumu \u00f6demek istedim. Sava\u015fmaya devam edece\u011fime dair kendime kelam verdim. Bu kelam\u0131 tuttu\u011fum i\u00e7in memnunum.&#8221;<\/strong><\/p>\n<p> <strong>Soru:<\/strong> &#8220;Fenerbah\u00e7e&#8217;nin dayana\u011f\u0131 ve 2024 Paris Olimpiyatlar\u0131 d\u00f6n\u00fc\u015f\u00fc Ali Ko\u00e7 ile ya\u015fad\u0131\u011f\u0131n diyalo\u011fu anlat\u0131r m\u0131s\u0131n?&#8221;<\/p>\n<p> <strong>&#8220;Fenerbah\u00e7e benim i\u00e7in bir kul\u00fcpten \u00e7ok daha fazlas\u0131, bir aile. Atletlerine her vakit sahip \u00e7\u0131kan, onlara dayanak olan d\u00fcnyan\u0131n en b\u00fcy\u00fck spor kul\u00fcb\u00fc. Liderimiz Ali Ko\u00e7, &#8216;Sen b\u00fcy\u00fck bir \u015fampiyonsun, bunu tekrar kan\u0131tlayacaks\u0131n&#8217; dedi. O g\u00fcnden sonra daha da h\u0131rsland\u0131m ve d\u00fcnya \u015fampiyonu olarak bu dayana\u011fa lay\u0131k olmaya \u00e7al\u0131\u015ft\u0131m. Kul\u00fcb\u00fcm, antren\u00f6rlerim, y\u00f6neticilerim ve Liderimiz Ali Ko\u00e7&#8217;un dayana\u011f\u0131 olmasa bu ba\u015far\u0131y\u0131 kazanmam m\u00fcmk\u00fcn olmazd\u0131.&#8221;<\/strong><\/p>\n<p> <strong>Soru:<\/strong> &#8220;1 olimpiyat, 3 d\u00fcnya, 3 Avrupa \u015fampiyonlu\u011fun var. Bundan sonraki gayenin nedir?&#8221;<\/p>\n<p> <strong>&#8220;Her madalya bir \u00f6yk\u00fc ve ben, bu \u00f6yk\u00fcy\u00fc daha da b\u00fcy\u00fctmek istiyorum. Art\u0131k gayem Paris&#8217;te yapamad\u0131\u011f\u0131m\u0131 yapmak ve 2028 Los Angeles Olimpiyatlar\u0131&#8217;nda yine alt\u0131n madalya kazanmak. \u00dclkemi ve Fenerbah\u00e7e&#8217;yi en yeterli bi\u00e7imde temsil etmeye devam edece\u011fim.&#8221;<\/strong><\/p>\n<p> <strong>Soru:<\/strong> &#8220;Bu sporu yapmak isteyen k\u0131z \u00e7ocuklar\u0131 ve ailelerine ne s\u00f6ylemek istersin?&#8221;<\/p>\n<p> <strong>&#8220;Boks yaln\u0131zca bir spor de\u011fil, t\u0131pk\u0131 vakitte karakter in\u015fa eden bir u\u011fra\u015f. K\u0131z \u00e7ocuklar\u0131n\u0131n g\u00fc\u00e7l\u00fc, \u00f6zg\u00fcvenli ve bahad\u0131r olmalar\u0131 i\u00e7in ola\u011fan\u00fcst\u00fc bir yol. Ailelere en b\u00fcy\u00fck tavsiyem, \u00e7ocuklar\u0131na inanmalar\u0131 ve onlar\u0131n hayallerinin pe\u015finden gitmelerine takviye olmalar\u0131. Hi\u00e7bir \u015fey imk\u00e2ns\u0131z de\u011fil, k\u00e2fi ki vazge\u00e7meyin ve hayallerinizin pe\u015finden gidin.&#8221;<\/strong><\/p>\n","protected":false},"excerpt":{"rendered":"<p>2024 Paris&#8217;te ya\u015fad\u0131\u011f\u0131 hayal k\u0131r\u0131kl\u0131\u011f\u0131 sonras\u0131 Fenerbah\u00e7e Ba\u015fkan\u0131 Ali Ko\u00e7&#8217;un, kendisine &#8220;Sen b\u00fcy\u00fck bir \u015fampiyonsun, bunu tekrar kan\u0131tlayacaks\u0131n&#8221; kelam\u0131yla dayanak verdi\u011fini vurgulayan Busenaz S\u00fcrmeneli, a\u00e7\u0131klamalarda bulundu.<\/p>\n","protected":false},"author":1,"featured_media":32033,"comment_status":"open","ping_status":"open","sticky":false,"template":"","format":"standard","meta":{"footnotes":""},"categories":[27],"tags":[156,65],"class_list":["post-32032","post","type-post","status-publish","format-standard","has-post-thumbnail","hentry","category-guncel-haberler","tag-dunya","tag-spor"],"_links":{"self":[{"href":"https:\/\/haberbesiktas.tr\/index.php?rest_route=\/wp\/v2\/posts\/32032","targetHints":{"allow":["GET"]}}],"collection":[{"href":"https:\/\/haberbesiktas.tr\/index.php?rest_route=\/wp\/v2\/posts"}],"about":[{"href":"https:\/\/haberbesiktas.tr\/index.php?rest_route=\/wp\/v2\/types\/post"}],"author":[{"embeddable":true,"href":"https:\/\/haberbesiktas.tr\/index.php?rest_route=\/wp\/v2\/users\/1"}],"replies":[{"embeddable":true,"href":"https:\/\/haberbesiktas.tr\/index.php?rest_route=%2Fwp%2Fv2%2Fcomments&post=32032"}],"version-history":[{"count":1,"href":"https:\/\/haberbesiktas.tr\/index.php?rest_route=\/wp\/v2\/posts\/32032\/revisions"}],"predecessor-version":[{"id":32034,"href":"https:\/\/haberbesiktas.tr\/index.php?rest_route=\/wp\/v2\/posts\/32032\/revisions\/32034"}],"wp:featuredmedia":[{"embeddable":true,"href":"https:\/\/haberbesiktas.tr\/index.php?rest_route=\/wp\/v2\/media\/32033"}],"wp:attachment":[{"href":"https:\/\/haberbesiktas.tr\/index.php?rest_route=%2Fwp%2Fv2%2Fmedia&parent=32032"}],"wp:term":[{"taxonomy":"category","embeddable":true,"href":"https:\/\/haberbesiktas.tr\/index.php?rest_route=%2Fwp%2Fv2%2Fcategories&post=32032"},{"taxonomy":"post_tag","embeddable":true,"href":"https:\/\/haberbesiktas.tr\/index.php?rest_route=%2Fwp%2Fv2%2Ftags&post=32032"}],"curies":[{"name":"wp","href":"https:\/\/api.w.org\/{rel}","templated":true}]}}