{"id":32044,"date":"2025-05-19T11:12:18","date_gmt":"2025-05-19T11:12:18","guid":{"rendered":"https:\/\/haberbesiktas.tr\/?p=32044"},"modified":"2025-05-19T11:12:18","modified_gmt":"2025-05-19T11:12:18","slug":"ugurcan-cakir-rekora-kosuyor","status":"publish","type":"post","link":"https:\/\/haberbesiktas.tr\/?p=32044","title":{"rendered":"U\u011furcan \u00c7ak\u0131r rekora ko\u015fuyor!"},"content":{"rendered":"<div>U\u011furcan \u00c7ak\u0131r, S\u00fcper Lig&#8217;de tarihi bir muvaffakiyete imza atmaya \u00e7ok yak\u0131n.<\/p>\n<p> Trabzonspor&#8217;u kalesini 25 Kas\u0131m 2018&#8217;deki Fenerbah\u00e7e derbisiyle Onur&#8217;dan devralan 28 ya\u015f\u0131ndaki eldiven, her d\u00f6nem en az 11 ma\u00e7ta kalesini kapatmay\u0131 ba\u015far\u0131yor.<\/p>\n<p> 1.91 uzunlu\u011fundaki y\u0131ld\u0131z, 2018-19&#8217;da 20 ma\u00e7ta 5, 2019-20&#8217;de 33 ma\u00e7ta 4, 2020-21&#8217;de 38 ma\u00e7ta 13, 2021-22&#8217;de 36 ma\u00e7ta 11, 2022-23&#8217;te 31 ma\u00e7ta 12, 2023-24&#8217;te ise 35 ma\u00e7ta 11 defa gol yemedi. Bu y\u0131l 11 m\u00fcsabakada ge\u00e7it vermeyen \u00c7ak\u0131r, 2 defa daha kalesini kapat\u0131rsa 2020-21&#8217;deki rekorunu yakalayacak.<\/p>\n<p> <strong>U\u011eURCAN NEUER&#8217;i SOLLADI<\/strong><\/p>\n<p> U\u011furcan \u00c7ak\u0131r, bordo mavili kadronun en sa\u011flam ismi olmay\u0131 ba\u015fard\u0131. 28 ya\u015f\u0131ndaki eldiven, Avrupa&#8217;n\u0131n en ba\u015far\u0131l\u0131 kaleciler s\u0131ralamas\u0131nda 19. s\u0131rada yer ald\u0131.<\/p>\n<p> 26 ma\u00e7\u0131n 11&#8217;inde gol yemeyen deneyimli kaleci, bu istatistikle bir\u00e7ok rakibini geride b\u0131rakt\u0131. Bilhassa Oblak (Atletico Madrid), Sommer (\u0130nter) ve Neuer (Bayern M\u00fcnih) \u00fczere d\u00fcnya \u00e7ap\u0131ndaki kalecileri kurtar\u0131\u015f say\u0131s\u0131 a\u00e7\u0131s\u0131ndan geride b\u0131rakan 1.91 uzunlu\u011fundaki y\u0131ld\u0131z fark\u0131n\u0131 bir kere daha ortaya koydu.<\/p>\n<p> Trabzonspor, ligde oynad\u0131\u011f\u0131 26 ma\u00e7ta 31 sefer topu a\u011flar\u0131ndan \u00e7\u0131kard\u0131. Bordo-mavililer, ma\u00e7 ba\u015f\u0131na kalesinde 1.19 gol g\u00f6rd\u00fc.<\/p>\n<p> <strong>11 MA\u00c7TA 25 PUAN ALDI<\/strong><\/p>\n<p> Karadeniz devi, gol yemedi\u011fi 11 ma\u00e7ta 7 galibiyet, 4 beraberlik ya\u015fayarak 25 puan toplad\u0131. Ligde 35 puan\u0131 bulunan Karadeniz grubu, puanlar\u0131n b\u00fcy\u00fck k\u0131sm\u0131n\u0131 kelam konusu ma\u00e7larda elde etti.<\/p>\n<p> <strong>GOL YEMED\u0130\u011e\u0130 11 KAR\u015eILA\u015eMA<\/strong><\/p>\n<p> F\u0131rt\u0131na ligde Sivas, Ey\u00fcp, Gaziantep FK ve Kayseri ile deplasmanda oynad\u0131\u011f\u0131 ma\u00e7larda 0-0 beraberlikle ayr\u0131ld\u0131. Bordo-mavililer, alan\u0131nda Ba\u015fak\u015fehir, Bodrum ve Ey\u00fcp&#8217;\u00fc 1-0, Adana Demir ve Antalya&#8217;y\u0131 5-0, Sivas&#8217;\u0131 4-0, deplasmanda da Ba\u015fak\u015fehir&#8217;i 3-0 ma\u011flup etti.<\/p>\n<p> <strong>FRANSA DA BORDO MAV\u0130<\/strong><\/p>\n<p> \u0130ngiltere&#8217;de ya\u015fayan ve BT Sport, Talksport ve ESPN \u00fczere de\u011ferli platformlarda programlar yapan Frans\u0131z gazeteci Julien Laurens, Trabzonspor formas\u0131yla g\u00fcndeme oturdu.<\/p>\n<p> Atletico Madrid- Barcelona m\u00fcsabakas\u0131n\u0131 yorumlamak i\u00e7in ESPN&#8217;de canl\u0131 yay\u0131na kat\u0131lan Laurens&#8217;in, Trabzonspor&#8217;un 1994-95 d\u00f6nemine ili\u015fkin i\u00e7 saha formas\u0131n\u0131 giymesi b\u00fcy\u00fck ilgi g\u00f6rd\u00fc.\u00a0<\/p>\n<div>\u00a0<\/div>\n<\/div>\n<p><\/p>\n","protected":false},"excerpt":{"rendered":"<p>Bu d\u00f6nem 11 ma\u00e7ta gol yemeyen U\u011furcan \u00c7ak\u0131r, kalesini 2 kere daha gole kapat\u0131rsa 2020-21&#8217;deki (13) rekorunu egale edecek.<\/p>\n","protected":false},"author":1,"featured_media":32045,"comment_status":"open","ping_status":"open","sticky":false,"template":"","format":"standard","meta":{"footnotes":""},"categories":[25],"tags":[77],"class_list":["post-32044","post","type-post","status-publish","format-standard","has-post-thumbnail","hentry","category-futbol","tag-gol"],"_links":{"self":[{"href":"https:\/\/haberbesiktas.tr\/index.php?rest_route=\/wp\/v2\/posts\/32044","targetHints":{"allow":["GET"]}}],"collection":[{"href":"https:\/\/haberbesiktas.tr\/index.php?rest_route=\/wp\/v2\/posts"}],"about":[{"href":"https:\/\/haberbesiktas.tr\/index.php?rest_route=\/wp\/v2\/types\/post"}],"author":[{"embeddable":true,"href":"https:\/\/haberbesiktas.tr\/index.php?rest_route=\/wp\/v2\/users\/1"}],"replies":[{"embeddable":true,"href":"https:\/\/haberbesiktas.tr\/index.php?rest_route=%2Fwp%2Fv2%2Fcomments&post=32044"}],"version-history":[{"count":1,"href":"https:\/\/haberbesiktas.tr\/index.php?rest_route=\/wp\/v2\/posts\/32044\/revisions"}],"predecessor-version":[{"id":32046,"href":"https:\/\/haberbesiktas.tr\/index.php?rest_route=\/wp\/v2\/posts\/32044\/revisions\/32046"}],"wp:featuredmedia":[{"embeddable":true,"href":"https:\/\/haberbesiktas.tr\/index.php?rest_route=\/wp\/v2\/media\/32045"}],"wp:attachment":[{"href":"https:\/\/haberbesiktas.tr\/index.php?rest_route=%2Fwp%2Fv2%2Fmedia&parent=32044"}],"wp:term":[{"taxonomy":"category","embeddable":true,"href":"https:\/\/haberbesiktas.tr\/index.php?rest_route=%2Fwp%2Fv2%2Fcategories&post=32044"},{"taxonomy":"post_tag","embeddable":true,"href":"https:\/\/haberbesiktas.tr\/index.php?rest_route=%2Fwp%2Fv2%2Ftags&post=32044"}],"curies":[{"name":"wp","href":"https:\/\/api.w.org\/{rel}","templated":true}]}}