{"id":32050,"date":"2025-05-19T11:36:13","date_gmt":"2025-05-19T11:36:13","guid":{"rendered":"https:\/\/haberbesiktas.tr\/?p=32050"},"modified":"2025-05-19T11:36:13","modified_gmt":"2025-05-19T11:36:13","slug":"popovichin-gelecek-sezon-kocluk-yapip-yapamayacagi-belirsiz","status":"publish","type":"post","link":"https:\/\/haberbesiktas.tr\/?p=32050","title":{"rendered":"Popovich&#8217;in gelecek sezon ko\u00e7luk yap\u0131p yapamayaca\u011f\u0131 belirsiz"},"content":{"rendered":"<div>San Antonio Spurs efsanesi Gregg Popovich, Kas\u0131m ay\u0131nda ge\u00e7irdi\u011fi fel\u00e7 sonras\u0131 \u00f6nemli bir g\u00fczelle\u015fme kaydetti ve planlanandan daha s\u00fcratli toparlan\u0131yor. Fakat ESPN&#8217;in haberine nazaran, Popovich&#8217;in gelecek d\u00f6nem kadronun ba\u015f\u0131na d\u00f6n\u00fcp d\u00f6nmeyece\u011fi \u015fimdi netle\u015fmi\u015f de\u011fil.<\/p>\n<p> 76 ya\u015f\u0131ndaki Popovich i\u00e7in NBA ko\u00e7lu\u011funun fizik\u00ee gereklilikleri, fel\u00e7 ge\u00e7irmeden evvel bile hayli zorluydu. Hastanede birka\u00e7 hafta kalan Popovich, aylar s\u00fcren rehabilitasyon s\u00fcrecinin akabinde y\u00fcr\u00fcmeye ba\u015flad\u0131.<\/p>\n<p> Ko\u00e7luk grubu, kimi oyuncular ve kadro yetkilileriyle daima ba\u011flant\u0131 halinde olan Popovich, Ocak ay\u0131 sonunda \u015fahsen grubun kar\u015f\u0131s\u0131na \u00e7\u0131kabilecek kadar g\u00fczelle\u015fmi\u015fti. Spurs, onun All-Star ortas\u0131n\u0131n \u00e7abucak akabinde ekiple konu\u015fmas\u0131n\u0131 planl\u0131yordu, lakin <strong>Victor Wembanyama&#8217;n\u0131n<\/strong> omzundaki a\u011fr\u0131 nedeniyle bu plan ertelendi.<\/p>\n<p> Popovich, 27 \u015eubat&#8217;ta ekibe seslendi ve ko\u00e7luk yapma iste\u011finin devam etti\u011fini belirtti. Bilhassa ekibin Wembanyama&#8217;n\u0131n etraf\u0131nda \u015fekillenmesi, Popovich&#8217;in motivasyonunu y\u00fcksek tutuyor.<\/p>\n<p> Bahse yak\u0131n bir kaynak ESPN&#8217;e, <strong>&#8220;Bu b\u00fcsb\u00fct\u00fcn Pop&#8217;\u0131n karar\u0131. Bunu ziyadesiyle hak etti,&#8221;<\/strong> dedi.<\/p>\n<p> Popovich&#8217;in yoklu\u011funda, yard\u0131mc\u0131 antren\u00f6r Mitch Johnson s\u00fcreksiz ba\u015fantren\u00f6r olarak misyon yap\u0131yor.<\/p>\n<\/div>\n<p><\/p>\n","protected":false},"excerpt":{"rendered":"<p>San Antonio Spurs efsanesi Gregg Popovich, Kas\u0131m ay\u0131nda ge\u00e7irdi\u011fi fel\u00e7 sonras\u0131 \u00f6nemli bir g\u00fczelle\u015fme kaydetti ve planlanandan daha s\u00fcratli toparlan\u0131yor. Lakin ESPN&#8217;in haberine nazaran, Popovich&#8217;in gelecek d\u00f6nem kadronun ba\u015f\u0131na d\u00f6n\u00fcp d\u00f6nmeyece\u011fi \u015fimdi netle\u015fmi\u015f de\u011fil.<\/p>\n","protected":false},"author":1,"featured_media":32051,"comment_status":"open","ping_status":"open","sticky":false,"template":"","format":"standard","meta":{"footnotes":""},"categories":[10],"tags":[2644,52],"class_list":["post-32050","post","type-post","status-publish","format-standard","has-post-thumbnail","hentry","category-basketbol","tag-popovich","tag-takim"],"_links":{"self":[{"href":"https:\/\/haberbesiktas.tr\/index.php?rest_route=\/wp\/v2\/posts\/32050","targetHints":{"allow":["GET"]}}],"collection":[{"href":"https:\/\/haberbesiktas.tr\/index.php?rest_route=\/wp\/v2\/posts"}],"about":[{"href":"https:\/\/haberbesiktas.tr\/index.php?rest_route=\/wp\/v2\/types\/post"}],"author":[{"embeddable":true,"href":"https:\/\/haberbesiktas.tr\/index.php?rest_route=\/wp\/v2\/users\/1"}],"replies":[{"embeddable":true,"href":"https:\/\/haberbesiktas.tr\/index.php?rest_route=%2Fwp%2Fv2%2Fcomments&post=32050"}],"version-history":[{"count":1,"href":"https:\/\/haberbesiktas.tr\/index.php?rest_route=\/wp\/v2\/posts\/32050\/revisions"}],"predecessor-version":[{"id":32052,"href":"https:\/\/haberbesiktas.tr\/index.php?rest_route=\/wp\/v2\/posts\/32050\/revisions\/32052"}],"wp:featuredmedia":[{"embeddable":true,"href":"https:\/\/haberbesiktas.tr\/index.php?rest_route=\/wp\/v2\/media\/32051"}],"wp:attachment":[{"href":"https:\/\/haberbesiktas.tr\/index.php?rest_route=%2Fwp%2Fv2%2Fmedia&parent=32050"}],"wp:term":[{"taxonomy":"category","embeddable":true,"href":"https:\/\/haberbesiktas.tr\/index.php?rest_route=%2Fwp%2Fv2%2Fcategories&post=32050"},{"taxonomy":"post_tag","embeddable":true,"href":"https:\/\/haberbesiktas.tr\/index.php?rest_route=%2Fwp%2Fv2%2Ftags&post=32050"}],"curies":[{"name":"wp","href":"https:\/\/api.w.org\/{rel}","templated":true}]}}