{"id":32189,"date":"2025-05-19T20:36:30","date_gmt":"2025-05-19T20:36:30","guid":{"rendered":"https:\/\/haberbesiktas.tr\/?p=32189"},"modified":"2025-05-19T20:36:30","modified_gmt":"2025-05-19T20:36:30","slug":"alanyasporda-ayrilik-karari-sami-ugurlu","status":"publish","type":"post","link":"https:\/\/haberbesiktas.tr\/?p=32189","title":{"rendered":"Alanyaspor&#8217;da ayr\u0131l\u0131k karar\u0131: Sami U\u011furlu"},"content":{"rendered":"<div>S\u00fcper Lig&#8217;de \u00e7aba eden Alanyaspor&#8217;da makus gidi\u015fat\u0131n faturas\u0131 teknik y\u00f6netici Sami U\u011furlu&#8217;ya kesildi.<\/p>\n<p> Akdeniz temsilcisi, teknik y\u00f6netici Sami U\u011furlu ile yollar\u0131n\u0131 ay\u0131rma karar\u0131 ald\u0131.<\/p>\n<p> Sami U\u011furlu, Alanyaspor&#8217;da misyona ba\u015flad\u0131\u011f\u0131ndan beri 16 S\u00fcper Lig ma\u00e7\u0131nda 6 galibiyet, 3 beraberlik ve 7 hezimet ald\u0131. 46 ya\u015f\u0131ndaki teknik adam, T\u00fcrkiye Kupas\u0131&#8217;nda oynanan 4 ma\u00e7ta da 2 galibiyet, 1 beraberlik ve 1 ma\u011flubiyet elde etti. [Yeni Alanya]\n<\/div>\n<p><\/p>\n","protected":false},"excerpt":{"rendered":"<p>Alanyaspor, teknik y\u00f6netici Sami U\u011furlu ile yollar\u0131n\u0131 ay\u0131rma karar\u0131 ald\u0131.<\/p>\n","protected":false},"author":1,"featured_media":32190,"comment_status":"open","ping_status":"open","sticky":false,"template":"","format":"standard","meta":{"footnotes":""},"categories":[25],"tags":[],"class_list":["post-32189","post","type-post","status-publish","format-standard","has-post-thumbnail","hentry","category-futbol"],"_links":{"self":[{"href":"https:\/\/haberbesiktas.tr\/index.php?rest_route=\/wp\/v2\/posts\/32189","targetHints":{"allow":["GET"]}}],"collection":[{"href":"https:\/\/haberbesiktas.tr\/index.php?rest_route=\/wp\/v2\/posts"}],"about":[{"href":"https:\/\/haberbesiktas.tr\/index.php?rest_route=\/wp\/v2\/types\/post"}],"author":[{"embeddable":true,"href":"https:\/\/haberbesiktas.tr\/index.php?rest_route=\/wp\/v2\/users\/1"}],"replies":[{"embeddable":true,"href":"https:\/\/haberbesiktas.tr\/index.php?rest_route=%2Fwp%2Fv2%2Fcomments&post=32189"}],"version-history":[{"count":1,"href":"https:\/\/haberbesiktas.tr\/index.php?rest_route=\/wp\/v2\/posts\/32189\/revisions"}],"predecessor-version":[{"id":32191,"href":"https:\/\/haberbesiktas.tr\/index.php?rest_route=\/wp\/v2\/posts\/32189\/revisions\/32191"}],"wp:featuredmedia":[{"embeddable":true,"href":"https:\/\/haberbesiktas.tr\/index.php?rest_route=\/wp\/v2\/media\/32190"}],"wp:attachment":[{"href":"https:\/\/haberbesiktas.tr\/index.php?rest_route=%2Fwp%2Fv2%2Fmedia&parent=32189"}],"wp:term":[{"taxonomy":"category","embeddable":true,"href":"https:\/\/haberbesiktas.tr\/index.php?rest_route=%2Fwp%2Fv2%2Fcategories&post=32189"},{"taxonomy":"post_tag","embeddable":true,"href":"https:\/\/haberbesiktas.tr\/index.php?rest_route=%2Fwp%2Fv2%2Ftags&post=32189"}],"curies":[{"name":"wp","href":"https:\/\/api.w.org\/{rel}","templated":true}]}}