{"id":32348,"date":"2025-05-20T07:00:18","date_gmt":"2025-05-20T07:00:18","guid":{"rendered":"https:\/\/haberbesiktas.tr\/?p=32348"},"modified":"2025-05-20T07:00:18","modified_gmt":"2025-05-20T07:00:18","slug":"mourinhonun-buyuk-hesabi-derbiyi-kazan-yarisi-birakma","status":"publish","type":"post","link":"https:\/\/haberbesiktas.tr\/?p=32348","title":{"rendered":"Mourinho&#8217;nun b\u00fcy\u00fck hesab\u0131: Derbiyi kazan, yar\u0131\u015f\u0131 b\u0131rakma"},"content":{"rendered":"<div>\n<p>Fenerbah\u00e7e&#8217;de t\u00fcm planlar, T\u00fcrkiye Kupas\u0131&#8217;nda oynanacak Galatasaray derbisine nazaran yap\u0131l\u0131yor.\u00a0<\/p>\n<p> Sar\u0131-lacivertliler, hem ligde hem de kupada kritik bir viraja girerken, Jose Mourinho ezeli rakibini Kad\u0131k\u00f6y&#8217;de ma\u011flup ederek camiay\u0131 tekrar aya\u011fa kald\u0131rmay\u0131 hedefliyor.<\/p>\n<p> <strong>KUPADA ZAFER, L\u0130GDE UMUT!<\/strong><\/p>\n<p> Fenerbah\u00e7e, ligde Bodrumspor&#8217;u ma\u011flup edip \u015fampiyonluk yolunda rakiplerinin puan kaybetmesini bekleyecek. Mourinho&#8217;nun en b\u00fcy\u00fck umudu ise Be\u015fikta\u015f&#8217;\u0131n Galatasaray kar\u015f\u0131s\u0131nda puan almas\u0131. \u015eayet bu ger\u00e7ekle\u015firse, Portekizli teknik adam 5 g\u00fcn sonra Kad\u0131k\u00f6y&#8217;de oynanacak T\u00fcrkiye Kupas\u0131 derbisinde Galatasaray&#8217;\u0131 yenerek grubunu ruhsal \u00fcst\u00fcnl\u00fckle \u015fampiyonluk yar\u0131\u015f\u0131na sokmak istiyor.\u00a0<\/p>\n<p> <strong>MOT\u0130VASYON KAYNA\u011eI: KUPA DERB\u0130S\u0130<\/strong><\/p>\n<p> Mourinho&#8217;nun plan\u0131 yaln\u0131zca bir galibiyet de\u011fil. Tecr\u00fcbeli \u00e7al\u0131\u015ft\u0131r\u0131c\u0131, kupada al\u0131nacak galibiyetin yaln\u0131zca \u00e7e\u015fit manas\u0131na gelmeyece\u011fini, t\u0131pk\u0131 vakitte rakibin moralini bozarak Fenerbah\u00e7e&#8217;yi yar\u0131\u015fta yine savl\u0131 hale getirece\u011fini d\u00fc\u015f\u00fcn\u00fcyor. Gruba yapt\u0131\u011f\u0131 toplant\u0131larda da bu motivasyonu a\u015f\u0131layan Portekizli teknik adam, derbinin k\u0131r\u0131lma ma\u00e7\u0131 olaca\u011f\u0131 g\u00f6r\u00fc\u015f\u00fcnde.<\/p>\n<\/div>\n<p><\/p>\n","protected":false},"excerpt":{"rendered":"<p>Fenerbah\u00e7e, hem ligde hem de kupada kritik viraja girerken Jose Mourinho, T\u00fcrkiye Kupas\u0131&#8217;nda Galatasaray&#8217;\u0131 yenerek grubu tekrar \u015fampiyonluk yar\u0131\u015f\u0131na sokmay\u0131 hedefliyor.<\/p>\n","protected":false},"author":1,"featured_media":32349,"comment_status":"open","ping_status":"open","sticky":false,"template":"","format":"standard","meta":{"footnotes":""},"categories":[25],"tags":[120],"class_list":["post-32348","post","type-post","status-publish","format-standard","has-post-thumbnail","hentry","category-futbol","tag-kupa"],"_links":{"self":[{"href":"https:\/\/haberbesiktas.tr\/index.php?rest_route=\/wp\/v2\/posts\/32348","targetHints":{"allow":["GET"]}}],"collection":[{"href":"https:\/\/haberbesiktas.tr\/index.php?rest_route=\/wp\/v2\/posts"}],"about":[{"href":"https:\/\/haberbesiktas.tr\/index.php?rest_route=\/wp\/v2\/types\/post"}],"author":[{"embeddable":true,"href":"https:\/\/haberbesiktas.tr\/index.php?rest_route=\/wp\/v2\/users\/1"}],"replies":[{"embeddable":true,"href":"https:\/\/haberbesiktas.tr\/index.php?rest_route=%2Fwp%2Fv2%2Fcomments&post=32348"}],"version-history":[{"count":1,"href":"https:\/\/haberbesiktas.tr\/index.php?rest_route=\/wp\/v2\/posts\/32348\/revisions"}],"predecessor-version":[{"id":32350,"href":"https:\/\/haberbesiktas.tr\/index.php?rest_route=\/wp\/v2\/posts\/32348\/revisions\/32350"}],"wp:featuredmedia":[{"embeddable":true,"href":"https:\/\/haberbesiktas.tr\/index.php?rest_route=\/wp\/v2\/media\/32349"}],"wp:attachment":[{"href":"https:\/\/haberbesiktas.tr\/index.php?rest_route=%2Fwp%2Fv2%2Fmedia&parent=32348"}],"wp:term":[{"taxonomy":"category","embeddable":true,"href":"https:\/\/haberbesiktas.tr\/index.php?rest_route=%2Fwp%2Fv2%2Fcategories&post=32348"},{"taxonomy":"post_tag","embeddable":true,"href":"https:\/\/haberbesiktas.tr\/index.php?rest_route=%2Fwp%2Fv2%2Ftags&post=32348"}],"curies":[{"name":"wp","href":"https:\/\/api.w.org\/{rel}","templated":true}]}}