{"id":32351,"date":"2025-05-20T07:12:19","date_gmt":"2025-05-20T07:12:19","guid":{"rendered":"https:\/\/haberbesiktas.tr\/?p=32351"},"modified":"2025-05-20T07:12:19","modified_gmt":"2025-05-20T07:12:19","slug":"besiktasta-demir-ege-pazarligi","status":"publish","type":"post","link":"https:\/\/haberbesiktas.tr\/?p=32351","title":{"rendered":"Be\u015fikta\u015f&#8217;ta Demir Ege pazarl\u0131\u011f\u0131"},"content":{"rendered":"<div>Demir Ege T\u0131knaz, d\u00f6nem ba\u015f\u0131nda Be\u015fikta\u015f&#8217;tan, Rio Ave&#8217;ye kiralanm\u0131\u015ft\u0131. Portekiz Ligi grubu gen\u00e7 y\u0131ld\u0131z\u0131n 5 milyon avroluk sat\u0131n alma opsiyonu i\u00e7in indirim bekliyor.<\/p>\n<p> Siyah beyazl\u0131 idare ise indirime katiyetle yana\u015fm\u0131yor. Gen\u00e7 oyuncu son olarak ulusal gruba \u00e7a\u011f\u0131r\u0131lm\u0131\u015ft\u0131.<\/p>\n<p><strong>BU D\u00d6NEM NE YAPTI?<\/strong><\/p>\n<p>Rio Ave ile Portekiz Ligi&#8217;nde 24 ma\u00e7ta forma giyen gen\u00e7 futbolcu, 1 gol 2 asistlik katk\u0131 sa\u011flad\u0131.<\/p>\n<\/div>\n<p><\/p>\n","protected":false},"excerpt":{"rendered":"<p>D\u00f6nem ba\u015f\u0131nda Be\u015fikta\u015f&#8217;tan Rio Ave&#8217;ye kiralanan Demir Ege T\u0131knaz i\u00e7in Portekiz tak\u0131m\u0131 sat\u0131n alma opsiyonunda indirim talep ediyor.<\/p>\n","protected":false},"author":1,"featured_media":32352,"comment_status":"open","ping_status":"open","sticky":false,"template":"","format":"standard","meta":{"footnotes":""},"categories":[25],"tags":[],"class_list":["post-32351","post","type-post","status-publish","format-standard","has-post-thumbnail","hentry","category-futbol"],"_links":{"self":[{"href":"https:\/\/haberbesiktas.tr\/index.php?rest_route=\/wp\/v2\/posts\/32351","targetHints":{"allow":["GET"]}}],"collection":[{"href":"https:\/\/haberbesiktas.tr\/index.php?rest_route=\/wp\/v2\/posts"}],"about":[{"href":"https:\/\/haberbesiktas.tr\/index.php?rest_route=\/wp\/v2\/types\/post"}],"author":[{"embeddable":true,"href":"https:\/\/haberbesiktas.tr\/index.php?rest_route=\/wp\/v2\/users\/1"}],"replies":[{"embeddable":true,"href":"https:\/\/haberbesiktas.tr\/index.php?rest_route=%2Fwp%2Fv2%2Fcomments&post=32351"}],"version-history":[{"count":1,"href":"https:\/\/haberbesiktas.tr\/index.php?rest_route=\/wp\/v2\/posts\/32351\/revisions"}],"predecessor-version":[{"id":32353,"href":"https:\/\/haberbesiktas.tr\/index.php?rest_route=\/wp\/v2\/posts\/32351\/revisions\/32353"}],"wp:featuredmedia":[{"embeddable":true,"href":"https:\/\/haberbesiktas.tr\/index.php?rest_route=\/wp\/v2\/media\/32352"}],"wp:attachment":[{"href":"https:\/\/haberbesiktas.tr\/index.php?rest_route=%2Fwp%2Fv2%2Fmedia&parent=32351"}],"wp:term":[{"taxonomy":"category","embeddable":true,"href":"https:\/\/haberbesiktas.tr\/index.php?rest_route=%2Fwp%2Fv2%2Fcategories&post=32351"},{"taxonomy":"post_tag","embeddable":true,"href":"https:\/\/haberbesiktas.tr\/index.php?rest_route=%2Fwp%2Fv2%2Ftags&post=32351"}],"curies":[{"name":"wp","href":"https:\/\/api.w.org\/{rel}","templated":true}]}}