{"id":32354,"date":"2025-05-20T07:24:18","date_gmt":"2025-05-20T07:24:18","guid":{"rendered":"https:\/\/haberbesiktas.tr\/?p=32354"},"modified":"2025-05-20T07:24:18","modified_gmt":"2025-05-20T07:24:18","slug":"baris-alperden-7-bolgede-kariyer-sezonu","status":"publish","type":"post","link":"https:\/\/haberbesiktas.tr\/?p=32354","title":{"rendered":"Bar\u0131\u015f Alper&#8217;den 7 b\u00f6lgede kariyer sezonu"},"content":{"rendered":"<div>Galatasaray&#8217;a kanat forvet olarak gelen; Buruk&#8217;un dokunu\u015fuyla tam bir jokere d\u00f6n\u00fc\u015fen ulusal futbolcu hocas\u0131 nerede isterse orada forma giydi.<\/p>\n<p> Bu d\u00f6nem rotasyonu daralan Galatasaray&#8217;da Bar\u0131\u015f Alper Y\u0131lmaz da Okan Buruk&#8217;un imdad\u0131na ko\u015fan isim oldu.<\/p>\n<p> <strong>NEREDE GEREKS\u0130N\u0130M VARSA ORADA<\/strong><\/p>\n<p> Vakit zaman d\u00f6rtl\u00fc savunman\u0131n sa\u011f\u0131nda ve solunda oynayan ulusal futbolcu muhta\u00e7l\u0131k duyuldu\u011funda ise \u00fc\u00e7l\u00fc savunmal\u0131 kurguda hem sa\u011f hem sol kanat bek olarak vazife yapt\u0131.<\/p>\n<p> Ata\u011fa d\u00f6n\u00fck sol ve sa\u011f kanatlarda da vazife yapan Bar\u0131\u015f Alper, Buruk&#8217;un santrfora gereksinimi oldu\u011funda da santrfora ge\u00e7ti.<\/p>\n<p> <strong>BU D\u00d6NEM 40 MA\u00c7A \u00c7IKTI<\/strong><\/p>\n<p> 2024-25 d\u00f6neminde 40 ma\u00e7a \u00e7\u0131kan ulusal futbolcu 11 gol atarken 5 gol\u00fcn de haz\u0131rlay\u0131c\u0131s\u0131 oldu.<\/p>\n<p> Victor Osimhen&#8217;le son haftalarda yeterli bir ahenk yakalayan 25 ya\u015f\u0131ndaki y\u0131ld\u0131z bu d\u00f6nem yaln\u0131zca iki ma\u00e7 ka\u00e7\u0131rd\u0131; bir u\u011fra\u015fta ise dinlendirildi.<\/p>\n<p> Ge\u00e7en d\u00f6nem 7 golle Galatasaray&#8217;daki en golc\u00fc d\u00f6nemini ge\u00e7iren Bar\u0131\u015f, 11 gol ile Ke\u00e7i\u00f6reng\u00fcc\u00fc&#8217;ndeki performans\u0131n\u0131 da geride b\u0131rakt\u0131.<\/p>\n<p> \u00a0<\/p>\n<p> \u00a0<\/p>\n<p> \u00a0<\/p>\n<\/div>\n<p><\/p>\n","protected":false},"excerpt":{"rendered":"<p>Ligde yoluna nama\u011flup devam eden Galatasaray&#8217;da Okan Buruk&#8217;un saha i\u00e7indeki en b\u00fcy\u00fck yard\u0131mc\u0131lar\u0131ndan biri ise Bar\u0131\u015f Alper Y\u0131lmaz oldu.<\/p>\n","protected":false},"author":1,"featured_media":32355,"comment_status":"open","ping_status":"open","sticky":false,"template":"","format":"standard","meta":{"footnotes":""},"categories":[25],"tags":[77,57],"class_list":["post-32354","post","type-post","status-publish","format-standard","has-post-thumbnail","hentry","category-futbol","tag-gol","tag-sezon"],"_links":{"self":[{"href":"https:\/\/haberbesiktas.tr\/index.php?rest_route=\/wp\/v2\/posts\/32354","targetHints":{"allow":["GET"]}}],"collection":[{"href":"https:\/\/haberbesiktas.tr\/index.php?rest_route=\/wp\/v2\/posts"}],"about":[{"href":"https:\/\/haberbesiktas.tr\/index.php?rest_route=\/wp\/v2\/types\/post"}],"author":[{"embeddable":true,"href":"https:\/\/haberbesiktas.tr\/index.php?rest_route=\/wp\/v2\/users\/1"}],"replies":[{"embeddable":true,"href":"https:\/\/haberbesiktas.tr\/index.php?rest_route=%2Fwp%2Fv2%2Fcomments&post=32354"}],"version-history":[{"count":1,"href":"https:\/\/haberbesiktas.tr\/index.php?rest_route=\/wp\/v2\/posts\/32354\/revisions"}],"predecessor-version":[{"id":32356,"href":"https:\/\/haberbesiktas.tr\/index.php?rest_route=\/wp\/v2\/posts\/32354\/revisions\/32356"}],"wp:featuredmedia":[{"embeddable":true,"href":"https:\/\/haberbesiktas.tr\/index.php?rest_route=\/wp\/v2\/media\/32355"}],"wp:attachment":[{"href":"https:\/\/haberbesiktas.tr\/index.php?rest_route=%2Fwp%2Fv2%2Fmedia&parent=32354"}],"wp:term":[{"taxonomy":"category","embeddable":true,"href":"https:\/\/haberbesiktas.tr\/index.php?rest_route=%2Fwp%2Fv2%2Fcategories&post=32354"},{"taxonomy":"post_tag","embeddable":true,"href":"https:\/\/haberbesiktas.tr\/index.php?rest_route=%2Fwp%2Fv2%2Ftags&post=32354"}],"curies":[{"name":"wp","href":"https:\/\/api.w.org\/{rel}","templated":true}]}}