{"id":32360,"date":"2025-05-20T07:48:25","date_gmt":"2025-05-20T07:48:25","guid":{"rendered":"https:\/\/haberbesiktas.tr\/?p=32360"},"modified":"2025-05-20T07:48:25","modified_gmt":"2025-05-20T07:48:25","slug":"besiktasta-derbide-orta-sahada-surpriz-isim","status":"publish","type":"post","link":"https:\/\/haberbesiktas.tr\/?p=32360","title":{"rendered":"Be\u015fikta\u015f&#8217;ta derbide orta sahada s\u00fcrpriz isim!"},"content":{"rendered":"<div>Be\u015fikta\u015f, Trendyol \u00dcst\u00fcn Lig&#8217;in 29. haftas\u0131nda alan\u0131nda Galatasaray ile kar\u015f\u0131 kar\u015f\u0131ya gelecek. Siyah-beyazl\u0131 ekip, kritik ma\u00e7ta 3 puan alarak moral bulman\u0131n hesaplar\u0131n\u0131 yap\u0131yor.<\/p>\n<p> Teknik y\u00f6netici Ole Gunnar Solskjaer, derbi tak\u0131m\u0131n\u0131 \u015fimdiden ba\u015f\u0131nda \u015fekillendirmeye ba\u015flad\u0131.<\/p>\n<p> <strong>GALATASARAY&#8217;I BEKL\u0130YOR<\/strong><\/p>\n<p> Bununla birlikte Be\u015fikta\u015f&#8217;\u0131n tecr\u00fcbeli oyuncusu Amir Hadziahmetovic, birinci 11&#8217;de yerini almak i\u00e7in Galatasaray derbisini bekliyor.<\/p>\n<p> <strong>B\u0130R ADIM \u00d6NE GE\u00c7T\u0130<\/strong><\/p>\n<p> 28 ya\u015f\u0131ndaki orta saha, Alexander-Oxlade Chamberlain ile girdi\u011fi rekabette bir ad\u0131m \u00f6nde. Bo\u015fnak futbolcu, orta transfer periyodunda \u00c7aykur Rizespor ile kiral\u0131k mukavelesi sonland\u0131r\u0131larak geri \u00e7a\u011f\u0131r\u0131l\u0131rken T\u00fcrkiye Kupas\u0131&#8217;ndaki Antalya ma\u00e7\u0131 d\u0131\u015f\u0131nda hi\u00e7bir m\u00fcsabakada 11&#8217;de alana \u00e7\u0131kamad\u0131.<\/p>\n<p><strong>BU D\u00d6NEM NE YAPTI?<\/strong><\/p>\n<p>Bu sezon ligde ve kupada 28 ma\u00e7a \u00e7\u0131kan Bo\u015fnak orta saha, 1 gol 1 asist kaydetti.\u00a0<\/p>\n<\/div>\n<p><\/p>\n","protected":false},"excerpt":{"rendered":"<p>Be\u015fikta\u015f&#8217;ta derbi haz\u0131rl\u0131klar\u0131 devam ederken Ole Gunnar Solskjaer, orta alanda Alex Oxlade Chamberlain&#8217;i kesmeyi planl\u0131yor.<\/p>\n","protected":false},"author":1,"featured_media":32361,"comment_status":"open","ping_status":"open","sticky":false,"template":"","format":"standard","meta":{"footnotes":""},"categories":[25],"tags":[],"class_list":["post-32360","post","type-post","status-publish","format-standard","has-post-thumbnail","hentry","category-futbol"],"_links":{"self":[{"href":"https:\/\/haberbesiktas.tr\/index.php?rest_route=\/wp\/v2\/posts\/32360","targetHints":{"allow":["GET"]}}],"collection":[{"href":"https:\/\/haberbesiktas.tr\/index.php?rest_route=\/wp\/v2\/posts"}],"about":[{"href":"https:\/\/haberbesiktas.tr\/index.php?rest_route=\/wp\/v2\/types\/post"}],"author":[{"embeddable":true,"href":"https:\/\/haberbesiktas.tr\/index.php?rest_route=\/wp\/v2\/users\/1"}],"replies":[{"embeddable":true,"href":"https:\/\/haberbesiktas.tr\/index.php?rest_route=%2Fwp%2Fv2%2Fcomments&post=32360"}],"version-history":[{"count":1,"href":"https:\/\/haberbesiktas.tr\/index.php?rest_route=\/wp\/v2\/posts\/32360\/revisions"}],"predecessor-version":[{"id":32362,"href":"https:\/\/haberbesiktas.tr\/index.php?rest_route=\/wp\/v2\/posts\/32360\/revisions\/32362"}],"wp:featuredmedia":[{"embeddable":true,"href":"https:\/\/haberbesiktas.tr\/index.php?rest_route=\/wp\/v2\/media\/32361"}],"wp:attachment":[{"href":"https:\/\/haberbesiktas.tr\/index.php?rest_route=%2Fwp%2Fv2%2Fmedia&parent=32360"}],"wp:term":[{"taxonomy":"category","embeddable":true,"href":"https:\/\/haberbesiktas.tr\/index.php?rest_route=%2Fwp%2Fv2%2Fcategories&post=32360"},{"taxonomy":"post_tag","embeddable":true,"href":"https:\/\/haberbesiktas.tr\/index.php?rest_route=%2Fwp%2Fv2%2Ftags&post=32360"}],"curies":[{"name":"wp","href":"https:\/\/api.w.org\/{rel}","templated":true}]}}