{"id":32363,"date":"2025-05-20T08:00:21","date_gmt":"2025-05-20T08:00:21","guid":{"rendered":"https:\/\/haberbesiktas.tr\/?p=32363"},"modified":"2025-05-20T08:00:21","modified_gmt":"2025-05-20T08:00:21","slug":"sevillada-marcao-krizi","status":"publish","type":"post","link":"https:\/\/haberbesiktas.tr\/?p=32363","title":{"rendered":"Sevilla&#8217;da Marcao krizi"},"content":{"rendered":"<div>Sevilla 2022-23 d\u00f6nemi ba\u015f\u0131nda Marcao&#8217;yu Galatasaray&#8217;dan bonuslar dahil 15 milyon euroya transfer etmi\u015fti.<\/p>\n<p> \u0130spanyol bas\u0131n\u0131nda yer alan habere nazaran Sevilla aylard\u0131r Marcao&#8217;nun kadrodan ayr\u0131lmas\u0131n\u0131 istemesine ra\u011fmen Brezilyal\u0131 stoper buna yana\u015fmad\u0131.<\/p>\n<p><span><strong>BEDAVA G\u00d6NDERMEYE B\u0130LE RAZILAR<\/strong><\/span><\/p>\n<p> Sevilla&#8217;n\u0131n, ekibin en fazla kazanan isimleri ortas\u0131nda yer alan Marcao&#8217;yu neredeyse bedavaya elden \u00e7\u0131karmaya dahi raz\u0131 olaca\u011f\u0131 haber ayr\u0131nt\u0131s\u0131nda yer ald\u0131.<\/p>\n<p> Marcao bu sezon ligde son 16 ma\u00e7ta yaln\u0131zca 5 dakika m\u00fchlet alabildi.\u00a0\u00a0<\/p>\n<\/div>\n<p><\/p>\n","protected":false},"excerpt":{"rendered":"<p>Sevilla, Galatasaray&#8217;dan bonuslar dahil 15 milyon euroya transfer etti\u011fi Marcao&#8217;yu bedavaya g\u00f6ndermeye bile raz\u0131&#8230;<\/p>\n","protected":false},"author":1,"featured_media":32364,"comment_status":"open","ping_status":"open","sticky":false,"template":"","format":"standard","meta":{"footnotes":""},"categories":[25],"tags":[],"class_list":["post-32363","post","type-post","status-publish","format-standard","has-post-thumbnail","hentry","category-futbol"],"_links":{"self":[{"href":"https:\/\/haberbesiktas.tr\/index.php?rest_route=\/wp\/v2\/posts\/32363","targetHints":{"allow":["GET"]}}],"collection":[{"href":"https:\/\/haberbesiktas.tr\/index.php?rest_route=\/wp\/v2\/posts"}],"about":[{"href":"https:\/\/haberbesiktas.tr\/index.php?rest_route=\/wp\/v2\/types\/post"}],"author":[{"embeddable":true,"href":"https:\/\/haberbesiktas.tr\/index.php?rest_route=\/wp\/v2\/users\/1"}],"replies":[{"embeddable":true,"href":"https:\/\/haberbesiktas.tr\/index.php?rest_route=%2Fwp%2Fv2%2Fcomments&post=32363"}],"version-history":[{"count":1,"href":"https:\/\/haberbesiktas.tr\/index.php?rest_route=\/wp\/v2\/posts\/32363\/revisions"}],"predecessor-version":[{"id":32365,"href":"https:\/\/haberbesiktas.tr\/index.php?rest_route=\/wp\/v2\/posts\/32363\/revisions\/32365"}],"wp:featuredmedia":[{"embeddable":true,"href":"https:\/\/haberbesiktas.tr\/index.php?rest_route=\/wp\/v2\/media\/32364"}],"wp:attachment":[{"href":"https:\/\/haberbesiktas.tr\/index.php?rest_route=%2Fwp%2Fv2%2Fmedia&parent=32363"}],"wp:term":[{"taxonomy":"category","embeddable":true,"href":"https:\/\/haberbesiktas.tr\/index.php?rest_route=%2Fwp%2Fv2%2Fcategories&post=32363"},{"taxonomy":"post_tag","embeddable":true,"href":"https:\/\/haberbesiktas.tr\/index.php?rest_route=%2Fwp%2Fv2%2Ftags&post=32363"}],"curies":[{"name":"wp","href":"https:\/\/api.w.org\/{rel}","templated":true}]}}