{"id":32366,"date":"2025-05-20T08:12:22","date_gmt":"2025-05-20T08:12:22","guid":{"rendered":"https:\/\/haberbesiktas.tr\/?p=32366"},"modified":"2025-05-20T08:12:22","modified_gmt":"2025-05-20T08:12:22","slug":"mourinho-fenerbahcede-52-yillik-gelenegi-bozuyor","status":"publish","type":"post","link":"https:\/\/haberbesiktas.tr\/?p=32366","title":{"rendered":"Mourinho, Fenerbah\u00e7e&#8217;de 52 y\u0131ll\u0131k gelene\u011fi bozuyor!"},"content":{"rendered":"<div>\n<p>Fenerbah\u00e7e&#8217;de y\u0131llard\u0131r s\u00fcregelen teknik y\u00f6netici gelene\u011fi Jose Mourinho ile bozuluyor.<\/p>\n<p> Sar\u0131-lacivertlilerde, 1973&#8217;ten bu yana hi\u00e7bir teknik adam, birinci d\u00f6neminde \u015fampiyonluk kazanamazsa ikinci d\u00f6nem ekipte kalamam\u0131\u015ft\u0131. Fakat Ali Ko\u00e7 idaresi, Portekizli teknik adamla yola devam etme karar\u0131 ald\u0131.<\/p>\n<p> <strong>MOURINHO&#8217;YA TAM DESTEK<\/strong><\/p>\n<p> Fenerbah\u00e7e, d\u00f6nem sonunda \u015fampiyon olsa da olmasa da Mourinho ile devam edecek. Sar\u0131-lacivertli ekibin Portekizli \u00e7al\u0131\u015ft\u0131r\u0131c\u0131yla 1 y\u0131l daha kontrat\u0131 bulunuyor ve idare, bu kontrat\u0131n sonuna kadar Mourinho ile yola devam etmeyi hedefliyor. Hatta kul\u00fcp i\u00e7inde, ba\u015far\u0131l\u0131 teknik adam\u0131n kontrat\u0131n\u0131n uzat\u0131lmas\u0131n\u0131 isteyen isimler de var.<\/p>\n<p> <strong>MOURINHO FENERBAH\u00c7E&#8217;DE MUTLU<\/strong><\/p>\n<p> Ali Ko\u00e7&#8217;un k\u0131sa m\u00fchlet i\u00e7inde Jose Mourinho ile bir ortaya gelip gelece\u011fe dair planlar\u0131 konu\u015fmas\u0131 bekleniyor. Portekizli teknik adam da Fenerbah\u00e7e&#8217;de memnun ve idareden gelecek kontrat yenileme teklifine s\u0131cak bak\u0131yor. Sar\u0131-lacivertli taraftarlar ise Mourinho \u00f6nderli\u011finde uzun y\u0131llard\u0131r \u00f6zlenen \u015fampiyonlu\u011fa ula\u015fmay\u0131 hedefliyor.\u00a0<\/p>\n<\/div>\n<p><\/p>\n","protected":false},"excerpt":{"rendered":"<p>Fenerbah\u00e7e&#8217;de 1973&#8217;ten bu yana s\u00fcregelen teknik y\u00f6netici gelene\u011fi Jose Mourinho ile de\u011fi\u015fiyor.<\/p>\n","protected":false},"author":1,"featured_media":32367,"comment_status":"open","ping_status":"open","sticky":false,"template":"","format":"standard","meta":{"footnotes":""},"categories":[25],"tags":[704,351],"class_list":["post-32366","post","type-post","status-publish","format-standard","has-post-thumbnail","hentry","category-futbol","tag-mourinho","tag-teknik"],"_links":{"self":[{"href":"https:\/\/haberbesiktas.tr\/index.php?rest_route=\/wp\/v2\/posts\/32366","targetHints":{"allow":["GET"]}}],"collection":[{"href":"https:\/\/haberbesiktas.tr\/index.php?rest_route=\/wp\/v2\/posts"}],"about":[{"href":"https:\/\/haberbesiktas.tr\/index.php?rest_route=\/wp\/v2\/types\/post"}],"author":[{"embeddable":true,"href":"https:\/\/haberbesiktas.tr\/index.php?rest_route=\/wp\/v2\/users\/1"}],"replies":[{"embeddable":true,"href":"https:\/\/haberbesiktas.tr\/index.php?rest_route=%2Fwp%2Fv2%2Fcomments&post=32366"}],"version-history":[{"count":1,"href":"https:\/\/haberbesiktas.tr\/index.php?rest_route=\/wp\/v2\/posts\/32366\/revisions"}],"predecessor-version":[{"id":32368,"href":"https:\/\/haberbesiktas.tr\/index.php?rest_route=\/wp\/v2\/posts\/32366\/revisions\/32368"}],"wp:featuredmedia":[{"embeddable":true,"href":"https:\/\/haberbesiktas.tr\/index.php?rest_route=\/wp\/v2\/media\/32367"}],"wp:attachment":[{"href":"https:\/\/haberbesiktas.tr\/index.php?rest_route=%2Fwp%2Fv2%2Fmedia&parent=32366"}],"wp:term":[{"taxonomy":"category","embeddable":true,"href":"https:\/\/haberbesiktas.tr\/index.php?rest_route=%2Fwp%2Fv2%2Fcategories&post=32366"},{"taxonomy":"post_tag","embeddable":true,"href":"https:\/\/haberbesiktas.tr\/index.php?rest_route=%2Fwp%2Fv2%2Ftags&post=32366"}],"curies":[{"name":"wp","href":"https:\/\/api.w.org\/{rel}","templated":true}]}}