{"id":32375,"date":"2025-05-20T08:48:17","date_gmt":"2025-05-20T08:48:17","guid":{"rendered":"https:\/\/haberbesiktas.tr\/?p=32375"},"modified":"2025-05-20T08:48:17","modified_gmt":"2025-05-20T08:48:17","slug":"kidd-anthony-davisin-donusu-icin-hala-vakit-var","status":"publish","type":"post","link":"https:\/\/haberbesiktas.tr\/?p=32375","title":{"rendered":"Kidd: &#8220;Anthony Davis&#8217;in d\u00f6n\u00fc\u015f\u00fc i\u00e7in h\u00e2l\u00e2 vakit var&#8221;"},"content":{"rendered":"<div>Dallas Mavericks ba\u015fantren\u00f6r\u00fc Jason Kidd, Anthony Davis&#8217;in bu hafta Texas Legends ile idman yapmas\u0131n\u0131n olumlu ge\u00e7ti\u011fini lakin alanlara d\u00f6n\u00fc\u015f\u00fcn\u00fcn yak\u0131n olmad\u0131\u011f\u0131n\u0131 belirtti.<\/p>\n<p> Kidd, yapt\u0131\u011f\u0131 a\u00e7\u0131klamada <strong>&#8220;Umar\u0131m s\u00fcre\u00e7 olumlu devam eder ve g\u00fczel sonu\u00e7lar al\u0131r\u0131z, lakin \u015fu anda bir ma\u00e7ta yer almas\u0131 i\u00e7in h\u00e2l\u00e2 vakte muhta\u00e7l\u0131\u011f\u0131 var.&#8221;<\/strong> formunda konu\u015ftu.<\/p>\n<p> Davis&#8217;in bu d\u00f6nem bitmeden geri d\u00f6nmeye kararl\u0131 oldu\u011fu biliniyor, fakat kesin d\u00f6n\u00fc\u015f tarihi belirsizli\u011fini koruyor.<\/p>\n<p> \u00d6te yandan, Klay Thompson&#8217;\u0131n hastal\u0131k nedeniyle Indiana Pacers kar\u015f\u0131s\u0131nda forma giyemeyece\u011fi a\u00e7\u0131kland\u0131.<\/p>\n<\/div>\n<p><\/p>\n","protected":false},"excerpt":{"rendered":"<p>Dallas Mavericks ba\u015fantren\u00f6r\u00fc Jason Kidd, Anthony Davis&#8217;in bu hafta Texas Legends ile idman yapmas\u0131n\u0131n olumlu ge\u00e7ti\u011fini fakat alanlara d\u00f6n\u00fc\u015f\u00fcn\u00fcn yak\u0131n olmad\u0131\u011f\u0131n\u0131 belirtti.<\/p>\n","protected":false},"author":1,"featured_media":32376,"comment_status":"open","ping_status":"open","sticky":false,"template":"","format":"standard","meta":{"footnotes":""},"categories":[10],"tags":[],"class_list":["post-32375","post","type-post","status-publish","format-standard","has-post-thumbnail","hentry","category-basketbol"],"_links":{"self":[{"href":"https:\/\/haberbesiktas.tr\/index.php?rest_route=\/wp\/v2\/posts\/32375","targetHints":{"allow":["GET"]}}],"collection":[{"href":"https:\/\/haberbesiktas.tr\/index.php?rest_route=\/wp\/v2\/posts"}],"about":[{"href":"https:\/\/haberbesiktas.tr\/index.php?rest_route=\/wp\/v2\/types\/post"}],"author":[{"embeddable":true,"href":"https:\/\/haberbesiktas.tr\/index.php?rest_route=\/wp\/v2\/users\/1"}],"replies":[{"embeddable":true,"href":"https:\/\/haberbesiktas.tr\/index.php?rest_route=%2Fwp%2Fv2%2Fcomments&post=32375"}],"version-history":[{"count":1,"href":"https:\/\/haberbesiktas.tr\/index.php?rest_route=\/wp\/v2\/posts\/32375\/revisions"}],"predecessor-version":[{"id":32377,"href":"https:\/\/haberbesiktas.tr\/index.php?rest_route=\/wp\/v2\/posts\/32375\/revisions\/32377"}],"wp:featuredmedia":[{"embeddable":true,"href":"https:\/\/haberbesiktas.tr\/index.php?rest_route=\/wp\/v2\/media\/32376"}],"wp:attachment":[{"href":"https:\/\/haberbesiktas.tr\/index.php?rest_route=%2Fwp%2Fv2%2Fmedia&parent=32375"}],"wp:term":[{"taxonomy":"category","embeddable":true,"href":"https:\/\/haberbesiktas.tr\/index.php?rest_route=%2Fwp%2Fv2%2Fcategories&post=32375"},{"taxonomy":"post_tag","embeddable":true,"href":"https:\/\/haberbesiktas.tr\/index.php?rest_route=%2Fwp%2Fv2%2Ftags&post=32375"}],"curies":[{"name":"wp","href":"https:\/\/api.w.org\/{rel}","templated":true}]}}