{"id":32384,"date":"2025-05-20T09:24:18","date_gmt":"2025-05-20T09:24:18","guid":{"rendered":"https:\/\/haberbesiktas.tr\/?p=32384"},"modified":"2025-05-20T09:24:18","modified_gmt":"2025-05-20T09:24:18","slug":"sacha-boeye-premier-lig-kancasi","status":"publish","type":"post","link":"https:\/\/haberbesiktas.tr\/?p=32384","title":{"rendered":"Sacha Boey&#8217;e Premier Lig kancas\u0131!"},"content":{"rendered":"<div>Galatasaray&#8217;\u0131n 28 Ocak 2024 tarihinde 30 milyon euro kar\u015f\u0131l\u0131\u011f\u0131nda Bayern M\u00fcnih&#8217;e satt\u0131\u011f\u0131 Sacha Boey&#8217;in yine yuvaya d\u00f6nme ihtimali vard\u0131.<\/p>\n<p> Frans\u0131z sa\u011f beke Premier Lig tak\u0131m\u0131 Arsenal talip oldu. Ve oyuncunun da teklife s\u0131cak bakt\u0131\u011f\u0131 \u00f6\u011frenildi.<\/p>\n<p> Bu d\u00f6nem Bayern ismine 12 ma\u00e7a \u00e7\u0131kan Sacha Boey, bu kar\u015f\u0131la\u015fmalarda 1 asistlik katk\u0131 sa\u011flad\u0131.<\/p>\n<\/div>\n<p><\/p>\n","protected":false},"excerpt":{"rendered":"<p>Galatasaray&#8217;\u0131n devre ortas\u0131nda 30 milyon Euro&#8217;ya Bayern M\u00fcnih&#8217;e satt\u0131\u011f\u0131 Sacha Boey&#8217;in tekrar sar\u0131-k\u0131rm\u0131z\u0131l\u0131lara d\u00f6nme ihtimali g\u00fcndeme gelmi\u015fti.<\/p>\n","protected":false},"author":1,"featured_media":32385,"comment_status":"open","ping_status":"open","sticky":false,"template":"","format":"standard","meta":{"footnotes":""},"categories":[25],"tags":[],"class_list":["post-32384","post","type-post","status-publish","format-standard","has-post-thumbnail","hentry","category-futbol"],"_links":{"self":[{"href":"https:\/\/haberbesiktas.tr\/index.php?rest_route=\/wp\/v2\/posts\/32384","targetHints":{"allow":["GET"]}}],"collection":[{"href":"https:\/\/haberbesiktas.tr\/index.php?rest_route=\/wp\/v2\/posts"}],"about":[{"href":"https:\/\/haberbesiktas.tr\/index.php?rest_route=\/wp\/v2\/types\/post"}],"author":[{"embeddable":true,"href":"https:\/\/haberbesiktas.tr\/index.php?rest_route=\/wp\/v2\/users\/1"}],"replies":[{"embeddable":true,"href":"https:\/\/haberbesiktas.tr\/index.php?rest_route=%2Fwp%2Fv2%2Fcomments&post=32384"}],"version-history":[{"count":1,"href":"https:\/\/haberbesiktas.tr\/index.php?rest_route=\/wp\/v2\/posts\/32384\/revisions"}],"predecessor-version":[{"id":32386,"href":"https:\/\/haberbesiktas.tr\/index.php?rest_route=\/wp\/v2\/posts\/32384\/revisions\/32386"}],"wp:featuredmedia":[{"embeddable":true,"href":"https:\/\/haberbesiktas.tr\/index.php?rest_route=\/wp\/v2\/media\/32385"}],"wp:attachment":[{"href":"https:\/\/haberbesiktas.tr\/index.php?rest_route=%2Fwp%2Fv2%2Fmedia&parent=32384"}],"wp:term":[{"taxonomy":"category","embeddable":true,"href":"https:\/\/haberbesiktas.tr\/index.php?rest_route=%2Fwp%2Fv2%2Fcategories&post=32384"},{"taxonomy":"post_tag","embeddable":true,"href":"https:\/\/haberbesiktas.tr\/index.php?rest_route=%2Fwp%2Fv2%2Ftags&post=32384"}],"curies":[{"name":"wp","href":"https:\/\/api.w.org\/{rel}","templated":true}]}}