{"id":32438,"date":"2025-05-20T13:00:21","date_gmt":"2025-05-20T13:00:21","guid":{"rendered":"https:\/\/haberbesiktas.tr\/?p=32438"},"modified":"2025-05-20T13:00:21","modified_gmt":"2025-05-20T13:00:21","slug":"morata-ve-galatasaray-ispanya-futbol-tarihine-gececek","status":"publish","type":"post","link":"https:\/\/haberbesiktas.tr\/?p=32438","title":{"rendered":"Morata ve Galatasaray, \u0130spanya futbol tarihine ge\u00e7ecek"},"content":{"rendered":"<div>UEFA Uluslar Ligi \u00e7eyrek finalinde Hollanda ile oynanacak ma\u00e7\u0131n tak\u0131m\u0131na \u00e7a\u011f\u0131r\u0131lan Alvaro Morata, Galatasaray etiketiyle birinci defa \u0130spanya ismine vazife yapacak.<\/p>\n<p> Daha evvel Dani G\u00fciza, Fenerbah\u00e7e&#8217;de oynarken 12 sefer \u0130spanya ulusal kadrosu formas\u0131n\u0131 giymi\u015fti. B\u00f6ylelikle T\u00fcrkiye liginde oynarken \u0130spanya ulusal grubu formas\u0131 giyen birinci ve tek oyuncu olmu\u015ftu. Hepsinde de kadronun teknik y\u00f6neticisi Del Bosque&#8217;ydi. G\u00fciza son olarak 3 Mart 2010&#8217;da Paris&#8217;te Fransa&#8217;ya kar\u015f\u0131 ulusal formay\u0131 giymi\u015fti. Tam 15 y\u0131l sonra \u0130spanya ulusal ekibi tarihine bir T\u00fcrk ekibinin ismi daha yaz\u0131lacak. Morata, T\u00fcrkiye liginden oynarken \u0130spanya ulusal grubu formas\u0131n\u0131 giyen ikinci futbolcu olacak.<\/p>\n<p> Alvaro Morata ayr\u0131yeten 6 farkl\u0131 kadroda oynarken (Juventus, Real Madrid, Chelsea, Atletico Madrid, Milan ve art\u0131k de Galatasaray) \u0130spanya ulusal ekibinde vazife yapan birinci oyuncu olarak daha tarihe ge\u00e7ecek.<\/p>\n<p> T\u00fcm \u0130spanya ulusal futbol grubu tarihinde 10 farkl\u0131 ligden 88 kul\u00fcp, \u0130spanya ulusal grubuna oyuncu g\u00f6nderdi.<\/p>\n<p> Hollanda kar\u015f\u0131s\u0131nda oynamas\u0131 halinde bu Morata&#8217;n\u0131n \u0130spanya formas\u0131yla 85. ma\u00e7\u0131 olacak.<\/p>\n<p> \u0130spanya ile Uluslar Ligi ve Avrupa Futbol \u015eampiyonas\u0131 zaferleri kazanan oyuncu \u015fu ana kadar ulusal kadro formas\u0131yla 37 gol att\u0131.<\/p>\n<p> Rotterdam&#8217;da Hollanda kalesinin a\u011flar\u0131n\u0131 en az 1 defa daha havaland\u0131rabilirse gol say\u0131s\u0131n\u0131 38&#8217;e y\u00fckselterek \u0130spanya ulusal grubu tarihinde en \u00e7ok gol atan 3. oyuncu unvan\u0131n\u0131 ele ge\u00e7irecek.<\/p>\n<p> \u0130spanya&#8217;da David Villa 98 ma\u00e7ta 59 golle bu s\u0131ralamada ba\u015fkan pozisyonda. Onu 102 ma\u00e7ta 44 golle Raul takip ediyor. Gol atarsa Morata&#8217;n\u0131n ge\u00e7ece\u011fi isim ise Fernando Torres. Torres 110 ma\u00e7ta 38 gole sahip. Morata daha az ma\u00e7ta 38 gole ula\u015fm\u0131\u015f olaca\u011f\u0131ndan onu geride b\u0131rakarak 3. s\u0131raya yerle\u015fecek.<\/p>\n<p> \u00a0<\/p>\n<\/div>\n<p><\/p>\n","protected":false},"excerpt":{"rendered":"<p>Opsiyonlu sat\u0131n alma bedeliyle Milan&#8217;dan Galatasaray&#8217;a kiralanan Alvaro Morata, \u0130spanya ulusal ekibinde tarih yazmaya haz\u0131rlan\u0131yor.<\/p>\n","protected":false},"author":1,"featured_media":32439,"comment_status":"open","ping_status":"open","sticky":false,"template":"","format":"standard","meta":{"footnotes":""},"categories":[25],"tags":[77,2674,1329,49,52],"class_list":["post-32438","post","type-post","status-publish","format-standard","has-post-thumbnail","hentry","category-futbol","tag-gol","tag-ispanya-milli-takimi","tag-morata","tag-oyuncu","tag-takim"],"_links":{"self":[{"href":"https:\/\/haberbesiktas.tr\/index.php?rest_route=\/wp\/v2\/posts\/32438","targetHints":{"allow":["GET"]}}],"collection":[{"href":"https:\/\/haberbesiktas.tr\/index.php?rest_route=\/wp\/v2\/posts"}],"about":[{"href":"https:\/\/haberbesiktas.tr\/index.php?rest_route=\/wp\/v2\/types\/post"}],"author":[{"embeddable":true,"href":"https:\/\/haberbesiktas.tr\/index.php?rest_route=\/wp\/v2\/users\/1"}],"replies":[{"embeddable":true,"href":"https:\/\/haberbesiktas.tr\/index.php?rest_route=%2Fwp%2Fv2%2Fcomments&post=32438"}],"version-history":[{"count":1,"href":"https:\/\/haberbesiktas.tr\/index.php?rest_route=\/wp\/v2\/posts\/32438\/revisions"}],"predecessor-version":[{"id":32440,"href":"https:\/\/haberbesiktas.tr\/index.php?rest_route=\/wp\/v2\/posts\/32438\/revisions\/32440"}],"wp:featuredmedia":[{"embeddable":true,"href":"https:\/\/haberbesiktas.tr\/index.php?rest_route=\/wp\/v2\/media\/32439"}],"wp:attachment":[{"href":"https:\/\/haberbesiktas.tr\/index.php?rest_route=%2Fwp%2Fv2%2Fmedia&parent=32438"}],"wp:term":[{"taxonomy":"category","embeddable":true,"href":"https:\/\/haberbesiktas.tr\/index.php?rest_route=%2Fwp%2Fv2%2Fcategories&post=32438"},{"taxonomy":"post_tag","embeddable":true,"href":"https:\/\/haberbesiktas.tr\/index.php?rest_route=%2Fwp%2Fv2%2Ftags&post=32438"}],"curies":[{"name":"wp","href":"https:\/\/api.w.org\/{rel}","templated":true}]}}