{"id":32562,"date":"2025-05-20T21:00:20","date_gmt":"2025-05-20T21:00:20","guid":{"rendered":"https:\/\/haberbesiktas.tr\/?p=32562"},"modified":"2025-05-20T21:00:20","modified_gmt":"2025-05-20T21:00:20","slug":"oguz-aydindan-milli-takimda-iki-asist","status":"publish","type":"post","link":"https:\/\/haberbesiktas.tr\/?p=32562","title":{"rendered":"O\u011fuz Ayd\u0131n&#8217;dan milli tak\u0131mda iki asist!"},"content":{"rendered":"<div>A Ulusal Kadro&#8217;da O\u011fuz Ayd\u0131n, Macaristan ma\u00e7\u0131ndaki performans\u0131yla dikkat \u00e7ekti.<\/p>\n<p> A Ulusal Ekip Teknik Y\u00f6neticisi Vincenzo Montella&#8217;n\u0131n Macaristan kar\u015f\u0131s\u0131nda birinci 11&#8217;de vazife verdi\u011fi O\u011fuz Ayd\u0131n, iki asist yapt\u0131.<\/p>\n<p> O\u011fuz Ayd\u0131n, 9. dakikada Orkun K\u00f6k\u00e7\u00fc ve 69. dakikada Kerem Akt\u00fcrko\u011flu&#8217;nun gollerinde asist yaparak birinci resmi ma\u00e7\u0131nda iki asist yapma ba\u015far\u0131s\u0131 g\u00f6sterdi.<\/p>\n<p> O\u011fuz Ayd\u0131n, 71. dakikada ise yerini \u0130rfan Can Kahveci&#8217;ye b\u0131rakt\u0131.<\/p>\n<\/div>\n<p><\/p>\n","protected":false},"excerpt":{"rendered":"<p>O\u011fuz Ayd\u0131n A Ulusal Grup&#8217;taki birinci resmi ma\u00e7\u0131nda iki asist yapt\u0131.<\/p>\n","protected":false},"author":1,"featured_media":32563,"comment_status":"open","ping_status":"open","sticky":false,"template":"","format":"standard","meta":{"footnotes":""},"categories":[25],"tags":[],"class_list":["post-32562","post","type-post","status-publish","format-standard","has-post-thumbnail","hentry","category-futbol"],"_links":{"self":[{"href":"https:\/\/haberbesiktas.tr\/index.php?rest_route=\/wp\/v2\/posts\/32562","targetHints":{"allow":["GET"]}}],"collection":[{"href":"https:\/\/haberbesiktas.tr\/index.php?rest_route=\/wp\/v2\/posts"}],"about":[{"href":"https:\/\/haberbesiktas.tr\/index.php?rest_route=\/wp\/v2\/types\/post"}],"author":[{"embeddable":true,"href":"https:\/\/haberbesiktas.tr\/index.php?rest_route=\/wp\/v2\/users\/1"}],"replies":[{"embeddable":true,"href":"https:\/\/haberbesiktas.tr\/index.php?rest_route=%2Fwp%2Fv2%2Fcomments&post=32562"}],"version-history":[{"count":1,"href":"https:\/\/haberbesiktas.tr\/index.php?rest_route=\/wp\/v2\/posts\/32562\/revisions"}],"predecessor-version":[{"id":32564,"href":"https:\/\/haberbesiktas.tr\/index.php?rest_route=\/wp\/v2\/posts\/32562\/revisions\/32564"}],"wp:featuredmedia":[{"embeddable":true,"href":"https:\/\/haberbesiktas.tr\/index.php?rest_route=\/wp\/v2\/media\/32563"}],"wp:attachment":[{"href":"https:\/\/haberbesiktas.tr\/index.php?rest_route=%2Fwp%2Fv2%2Fmedia&parent=32562"}],"wp:term":[{"taxonomy":"category","embeddable":true,"href":"https:\/\/haberbesiktas.tr\/index.php?rest_route=%2Fwp%2Fv2%2Fcategories&post=32562"},{"taxonomy":"post_tag","embeddable":true,"href":"https:\/\/haberbesiktas.tr\/index.php?rest_route=%2Fwp%2Fv2%2Ftags&post=32562"}],"curies":[{"name":"wp","href":"https:\/\/api.w.org\/{rel}","templated":true}]}}