{"id":32565,"date":"2025-05-20T21:12:18","date_gmt":"2025-05-20T21:12:18","guid":{"rendered":"https:\/\/haberbesiktas.tr\/?p=32565"},"modified":"2025-05-20T21:12:18","modified_gmt":"2025-05-20T21:12:18","slug":"kerem-akturkoglundan-milli-takimda-dikkat-ceken-performans","status":"publish","type":"post","link":"https:\/\/haberbesiktas.tr\/?p=32565","title":{"rendered":"Kerem Akt\u00fcrko\u011flu&#8217;ndan milli tak\u0131mda dikkat \u00e7eken performans!"},"content":{"rendered":"<div>A Ulusal Kadro&#8217;da Macaristan ile oynanan ma\u00e7ta dikkat \u00e7eken isimlerden biri Kerem Akt\u00fcrko\u011flu oldu.<\/p>\n<p> Kerem Akt\u00fcrko\u011flu, Macaristan kar\u015f\u0131s\u0131nda 1 gol att\u0131 ve 1 asist yapt\u0131.<\/p>\n<p> 69. dakikada A Ulusal Kadro&#8217;yu 2-1 \u00f6ne ge\u00e7iren gol\u00fc atan Kerem Akt\u00fcrko\u011flu, 73. dakikada ise \u0130rfan Can Kahveci&#8217;nin gol\u00fcnde asisti yapan oyuncu oldu.<\/p>\n<\/div>\n<p><\/p>\n","protected":false},"excerpt":{"rendered":"<p>A Ulusal Kadro&#8217;da Kerem Akt\u00fcrko\u011flu, Macaristan m\u00fcsabakas\u0131nda 1 gol att\u0131 ve 1 asist yapt\u0131.<\/p>\n","protected":false},"author":1,"featured_media":32566,"comment_status":"open","ping_status":"open","sticky":false,"template":"","format":"standard","meta":{"footnotes":""},"categories":[25],"tags":[],"class_list":["post-32565","post","type-post","status-publish","format-standard","has-post-thumbnail","hentry","category-futbol"],"_links":{"self":[{"href":"https:\/\/haberbesiktas.tr\/index.php?rest_route=\/wp\/v2\/posts\/32565","targetHints":{"allow":["GET"]}}],"collection":[{"href":"https:\/\/haberbesiktas.tr\/index.php?rest_route=\/wp\/v2\/posts"}],"about":[{"href":"https:\/\/haberbesiktas.tr\/index.php?rest_route=\/wp\/v2\/types\/post"}],"author":[{"embeddable":true,"href":"https:\/\/haberbesiktas.tr\/index.php?rest_route=\/wp\/v2\/users\/1"}],"replies":[{"embeddable":true,"href":"https:\/\/haberbesiktas.tr\/index.php?rest_route=%2Fwp%2Fv2%2Fcomments&post=32565"}],"version-history":[{"count":1,"href":"https:\/\/haberbesiktas.tr\/index.php?rest_route=\/wp\/v2\/posts\/32565\/revisions"}],"predecessor-version":[{"id":32567,"href":"https:\/\/haberbesiktas.tr\/index.php?rest_route=\/wp\/v2\/posts\/32565\/revisions\/32567"}],"wp:featuredmedia":[{"embeddable":true,"href":"https:\/\/haberbesiktas.tr\/index.php?rest_route=\/wp\/v2\/media\/32566"}],"wp:attachment":[{"href":"https:\/\/haberbesiktas.tr\/index.php?rest_route=%2Fwp%2Fv2%2Fmedia&parent=32565"}],"wp:term":[{"taxonomy":"category","embeddable":true,"href":"https:\/\/haberbesiktas.tr\/index.php?rest_route=%2Fwp%2Fv2%2Fcategories&post=32565"},{"taxonomy":"post_tag","embeddable":true,"href":"https:\/\/haberbesiktas.tr\/index.php?rest_route=%2Fwp%2Fv2%2Ftags&post=32565"}],"curies":[{"name":"wp","href":"https:\/\/api.w.org\/{rel}","templated":true}]}}