{"id":32595,"date":"2025-05-20T22:48:14","date_gmt":"2025-05-20T22:48:14","guid":{"rendered":"https:\/\/haberbesiktas.tr\/?p=32595"},"modified":"2025-05-20T22:48:14","modified_gmt":"2025-05-20T22:48:14","slug":"montelladan-sakatlik-aciklamasi","status":"publish","type":"post","link":"https:\/\/haberbesiktas.tr\/?p=32595","title":{"rendered":"Montella&#8217;dan sakatl\u0131k a\u00e7\u0131klamas\u0131!"},"content":{"rendered":"<div>A Ulusal Kadro Teknik Y\u00f6neticisi Vincenzo Montella, Macaristan ma\u00e7\u0131n\u0131n akabinde konu\u015ftu.<\/p>\n<p> \u0130talyan teknik adam, sakatl\u0131kla ilgili gelen soruya da yan\u0131t verdi.<\/p>\n<p> Montella, <strong>&#8220;Kaan sakatlanarak \u00e7\u0131kt\u0131. Bar\u0131\u015f Alper&#8217;in bir sorunu var san\u0131r\u0131m. Onlarla ilgili bir \u015fey s\u00f6ylemek ister mi?&#8221;<\/strong> sorusunun akabinde, <strong>&#8220;Kaan Ayhan&#8217;\u0131n denetimleri yap\u0131lacak, durumunu bilmiyoruz. Bar\u0131\u015f Alper, birinci yar\u0131da darbe ald\u0131. Birinci yar\u0131da zoraki bir de\u011fi\u015fiklik yapt\u0131k. O de\u011fi\u015fikli\u011fin akabinde \u00fcz\u00fclerek o de\u011fi\u015fikli\u011fi yapt\u0131k. Hem de daha \u00e7ok ceza alan\u0131n\u0131 doldurmak istedik Deniz G\u00fcl ile. \u0130ki gol de bulduk bu halde. Bu kadar fedakar bir futbolcuyu \u00e7\u0131kar\u0131rken (Bar\u0131\u015f Alper) \u00fcz\u00fcl\u00fcyorsunuz lakin bu ma\u00e7\u0131n gere\u011fi buydu.&#8221;<\/strong> kar\u015f\u0131l\u0131\u011f\u0131n\u0131 verdi.<\/p>\n<\/div>\n<p><\/p>\n","protected":false},"excerpt":{"rendered":"<p>A Ulusal Kadro Teknik Y\u00f6neticisi Vincenzo Montella, Macaristan ma\u00e7\u0131n\u0131n akabinde sakatl\u0131k sorusuna kar\u015f\u0131l\u0131k verdi.<\/p>\n","protected":false},"author":1,"featured_media":32596,"comment_status":"open","ping_status":"open","sticky":false,"template":"","format":"standard","meta":{"footnotes":""},"categories":[25],"tags":[],"class_list":["post-32595","post","type-post","status-publish","format-standard","has-post-thumbnail","hentry","category-futbol"],"_links":{"self":[{"href":"https:\/\/haberbesiktas.tr\/index.php?rest_route=\/wp\/v2\/posts\/32595","targetHints":{"allow":["GET"]}}],"collection":[{"href":"https:\/\/haberbesiktas.tr\/index.php?rest_route=\/wp\/v2\/posts"}],"about":[{"href":"https:\/\/haberbesiktas.tr\/index.php?rest_route=\/wp\/v2\/types\/post"}],"author":[{"embeddable":true,"href":"https:\/\/haberbesiktas.tr\/index.php?rest_route=\/wp\/v2\/users\/1"}],"replies":[{"embeddable":true,"href":"https:\/\/haberbesiktas.tr\/index.php?rest_route=%2Fwp%2Fv2%2Fcomments&post=32595"}],"version-history":[{"count":1,"href":"https:\/\/haberbesiktas.tr\/index.php?rest_route=\/wp\/v2\/posts\/32595\/revisions"}],"predecessor-version":[{"id":32597,"href":"https:\/\/haberbesiktas.tr\/index.php?rest_route=\/wp\/v2\/posts\/32595\/revisions\/32597"}],"wp:featuredmedia":[{"embeddable":true,"href":"https:\/\/haberbesiktas.tr\/index.php?rest_route=\/wp\/v2\/media\/32596"}],"wp:attachment":[{"href":"https:\/\/haberbesiktas.tr\/index.php?rest_route=%2Fwp%2Fv2%2Fmedia&parent=32595"}],"wp:term":[{"taxonomy":"category","embeddable":true,"href":"https:\/\/haberbesiktas.tr\/index.php?rest_route=%2Fwp%2Fv2%2Fcategories&post=32595"},{"taxonomy":"post_tag","embeddable":true,"href":"https:\/\/haberbesiktas.tr\/index.php?rest_route=%2Fwp%2Fv2%2Ftags&post=32595"}],"curies":[{"name":"wp","href":"https:\/\/api.w.org\/{rel}","templated":true}]}}