{"id":32598,"date":"2025-05-20T23:00:18","date_gmt":"2025-05-20T23:00:18","guid":{"rendered":"https:\/\/haberbesiktas.tr\/?p=32598"},"modified":"2025-05-20T23:00:18","modified_gmt":"2025-05-20T23:00:18","slug":"montelladan-besiktas-sorusuna-yanit","status":"publish","type":"post","link":"https:\/\/haberbesiktas.tr\/?p=32598","title":{"rendered":"Montella&#8217;dan Be\u015fikta\u015f sorusuna yan\u0131t!"},"content":{"rendered":"<div>A Ulusal Grup Teknik Y\u00f6neticisi Vincenzo Montella, Macaristan ma\u00e7\u0131n\u0131n akabinde konu\u015ftu.<\/p>\n<p> \u0130talyan teknik adam, bas\u0131n toplant\u0131s\u0131nda Be\u015fikta\u015f&#8217;la ilgili gelen soruya da yan\u0131t verdi.<\/p>\n<p> Montella, <strong>&#8220;Sizden evvel bir gelenek vard\u0131, \u00fc\u00e7 b\u00fcy\u00fcklerden kesinlikle ulusal kadroya futbolcu \u00e7a\u011f\u0131r\u0131l\u0131p oynat\u0131l\u0131rd\u0131. Bug\u00fcn Be\u015fikta\u015f&#8217;tan kimseyi g\u00f6remedik, bunun \u00f6zel bir sebebi var m\u0131? Be\u015fikta\u015fl\u0131 taraftarlar\u0131n reaksiyonu var bu mevzuda.&#8221;<\/strong> sorusunun akabinde, <strong>&#8220;\u00c7ok kolay bir bi\u00e7imde se\u00e7im yap\u0131yorum. O anda gereksinimimize nazaran en \u00e2l\u00e2 kimse onu se\u00e7iyorum. Ulusal ekipte s\u00fcremiz az oluyor ve fazla \u00e7al\u0131\u015fam\u0131yoruz. Formalara bakmadan se\u00e7im yap\u0131yorum. Ulusal grubun muhta\u00e7l\u0131\u011f\u0131na nazaran se\u00e7im yap\u0131yorum. Daha evvel de dedi\u011fim \u00fczere ulusal ekip her \u015feyden \u00fcst\u00fcnd\u00fcr.&#8221;<\/strong> cevab\u0131n\u0131 verdi.<\/p>\n<\/div>\n<p><\/p>\n","protected":false},"excerpt":{"rendered":"<p>A Ulusal Grup Teknik Y\u00f6neticisi Vincenzo Montella, Macaristan ma\u00e7\u0131nda Be\u015fikta\u015f&#8217;tan kimsenin oynamamas\u0131yla ilgili gelen soruya yan\u0131t verdi.<\/p>\n","protected":false},"author":1,"featured_media":32599,"comment_status":"open","ping_status":"open","sticky":false,"template":"","format":"standard","meta":{"footnotes":""},"categories":[25],"tags":[145],"class_list":["post-32598","post","type-post","status-publish","format-standard","has-post-thumbnail","hentry","category-futbol","tag-milli-takim"],"_links":{"self":[{"href":"https:\/\/haberbesiktas.tr\/index.php?rest_route=\/wp\/v2\/posts\/32598","targetHints":{"allow":["GET"]}}],"collection":[{"href":"https:\/\/haberbesiktas.tr\/index.php?rest_route=\/wp\/v2\/posts"}],"about":[{"href":"https:\/\/haberbesiktas.tr\/index.php?rest_route=\/wp\/v2\/types\/post"}],"author":[{"embeddable":true,"href":"https:\/\/haberbesiktas.tr\/index.php?rest_route=\/wp\/v2\/users\/1"}],"replies":[{"embeddable":true,"href":"https:\/\/haberbesiktas.tr\/index.php?rest_route=%2Fwp%2Fv2%2Fcomments&post=32598"}],"version-history":[{"count":1,"href":"https:\/\/haberbesiktas.tr\/index.php?rest_route=\/wp\/v2\/posts\/32598\/revisions"}],"predecessor-version":[{"id":32600,"href":"https:\/\/haberbesiktas.tr\/index.php?rest_route=\/wp\/v2\/posts\/32598\/revisions\/32600"}],"wp:featuredmedia":[{"embeddable":true,"href":"https:\/\/haberbesiktas.tr\/index.php?rest_route=\/wp\/v2\/media\/32599"}],"wp:attachment":[{"href":"https:\/\/haberbesiktas.tr\/index.php?rest_route=%2Fwp%2Fv2%2Fmedia&parent=32598"}],"wp:term":[{"taxonomy":"category","embeddable":true,"href":"https:\/\/haberbesiktas.tr\/index.php?rest_route=%2Fwp%2Fv2%2Fcategories&post=32598"},{"taxonomy":"post_tag","embeddable":true,"href":"https:\/\/haberbesiktas.tr\/index.php?rest_route=%2Fwp%2Fv2%2Ftags&post=32598"}],"curies":[{"name":"wp","href":"https:\/\/api.w.org\/{rel}","templated":true}]}}