{"id":32704,"date":"2025-05-21T06:00:16","date_gmt":"2025-05-21T06:00:16","guid":{"rendered":"https:\/\/haberbesiktas.tr\/?p=32704"},"modified":"2025-05-21T06:00:16","modified_gmt":"2025-05-21T06:00:16","slug":"besiktasta-hedef-kaliteli-yerli-rotasyonu","status":"publish","type":"post","link":"https:\/\/haberbesiktas.tr\/?p=32704","title":{"rendered":"Be\u015fikta\u015f&#8217;ta hedef, kaliteli yerli rotasyonu!"},"content":{"rendered":"<div>Be\u015fikta\u015f&#8217;\u0131n amac\u0131nda yaz transfer devrinde kaliteli yerli rotasyonu olu\u015fturmak var. Mevcut yerli rotasyonundan mutlu olmayan idare iki ulusal oyuncuyu g\u00fcndeme getirdi.<\/p>\n<p><strong>M\u0130LL\u0130 OYUNCULAR G\u00dcNDEME GELD\u0130<\/strong><\/p>\n<p>Yerli rotasyonunda rakiplerinin gerisinde kalan siyah-beyazl\u0131larda gaye, A Ulusal Kadro&#8217;da forma giyen Salih \u00d6zcan ve Can Uzun ile orta sahay\u0131 g\u00fc\u00e7lendirmek.<\/p>\n<p><strong>OPS\u0130YONLU TEKL\u0130F YAPILACAK<\/strong><\/p>\n<p>Be\u015fikta\u015f, her iki oyuncunun da gruplar\u0131nda gere\u011fince talih bulamamas\u0131 nedeniyle, kiral\u0131k ve sat\u0131n alma opsiyonlu teklif yapmay\u0131 planl\u0131yor.<\/p>\n<p><strong>PERFORMANSLARI<\/strong><\/p>\n<p>Bundesliga&#8217;da oynayan iki ulusal futbolcumuz, ekiplerinde k\u00e2fi s\u00fcreyi bulam\u0131yor. Salih \u00d6zcan, kiral\u0131k olarak forma giydi\u011fi Wolfsburg&#8217;da 19 ma\u00e7ta 541 dakika alanda kald\u0131. Gen\u00e7 ulusal y\u0131ld\u0131z Can Uzun ise d\u00f6nem ba\u015f\u0131nda transfer oldu\u011fu Frankfurt&#8217;ta 26 ma\u00e7ta 863 dakika m\u00fcddet ald\u0131 ve 5 gol, 2 asistlik katk\u0131 sa\u011flad\u0131.\u00a0<\/p><\/div>\n<p><\/p>\n","protected":false},"excerpt":{"rendered":"<p>Be\u015fikta\u015f&#8217;ta sonraki d\u00f6nemin transfer \u00e7al\u0131\u015fmal\u0131 s\u00fcrerken birinci maksad\u0131n yerli rotasyonunu ulusal oyuncularla g\u00fc\u00e7lendirmek. Gayede Salih \u00d6zcan ve Can Uzun var.<\/p>\n","protected":false},"author":1,"featured_media":32705,"comment_status":"open","ping_status":"open","sticky":false,"template":"","format":"standard","meta":{"footnotes":""},"categories":[25],"tags":[270],"class_list":["post-32704","post","type-post","status-publish","format-standard","has-post-thumbnail","hentry","category-futbol","tag-milli"],"_links":{"self":[{"href":"https:\/\/haberbesiktas.tr\/index.php?rest_route=\/wp\/v2\/posts\/32704","targetHints":{"allow":["GET"]}}],"collection":[{"href":"https:\/\/haberbesiktas.tr\/index.php?rest_route=\/wp\/v2\/posts"}],"about":[{"href":"https:\/\/haberbesiktas.tr\/index.php?rest_route=\/wp\/v2\/types\/post"}],"author":[{"embeddable":true,"href":"https:\/\/haberbesiktas.tr\/index.php?rest_route=\/wp\/v2\/users\/1"}],"replies":[{"embeddable":true,"href":"https:\/\/haberbesiktas.tr\/index.php?rest_route=%2Fwp%2Fv2%2Fcomments&post=32704"}],"version-history":[{"count":1,"href":"https:\/\/haberbesiktas.tr\/index.php?rest_route=\/wp\/v2\/posts\/32704\/revisions"}],"predecessor-version":[{"id":32706,"href":"https:\/\/haberbesiktas.tr\/index.php?rest_route=\/wp\/v2\/posts\/32704\/revisions\/32706"}],"wp:featuredmedia":[{"embeddable":true,"href":"https:\/\/haberbesiktas.tr\/index.php?rest_route=\/wp\/v2\/media\/32705"}],"wp:attachment":[{"href":"https:\/\/haberbesiktas.tr\/index.php?rest_route=%2Fwp%2Fv2%2Fmedia&parent=32704"}],"wp:term":[{"taxonomy":"category","embeddable":true,"href":"https:\/\/haberbesiktas.tr\/index.php?rest_route=%2Fwp%2Fv2%2Fcategories&post=32704"},{"taxonomy":"post_tag","embeddable":true,"href":"https:\/\/haberbesiktas.tr\/index.php?rest_route=%2Fwp%2Fv2%2Ftags&post=32704"}],"curies":[{"name":"wp","href":"https:\/\/api.w.org\/{rel}","templated":true}]}}