{"id":32707,"date":"2025-05-21T06:12:14","date_gmt":"2025-05-21T06:12:14","guid":{"rendered":"https:\/\/haberbesiktas.tr\/?p=32707"},"modified":"2025-05-21T06:12:14","modified_gmt":"2025-05-21T06:12:14","slug":"elias-jelerte-surpriz-talip","status":"publish","type":"post","link":"https:\/\/haberbesiktas.tr\/?p=32707","title":{"rendered":"Elias Jelert&#8217;e s\u00fcrpriz talip!"},"content":{"rendered":"<div>Galatasaray&#8217;\u0131n d\u00f6nem ba\u015f\u0131nda transfer etti\u011fi Elias Jelert&#8217;e \u0130ngiltere&#8217;den talip \u00e7\u0131kt\u0131.<\/p>\n<p> 9 milyon Euro&#8217;ya transfer edilen 21 ya\u015f\u0131ndaki sa\u011f bek bir t\u00fcrl\u00fc beklenen patlamay\u0131 yapamad\u0131. Sar\u0131-K\u0131rm\u0131z\u0131l\u0131 \u0130dare gen\u00e7 y\u0131ld\u0131zla d\u00f6nem sonunda uygun bir teklif gelmesi halinde yollar\u0131 ay\u0131rma karar\u0131 ald\u0131.<\/p>\n<p> <strong>KAPIYI \u00c7ALACAKLAR<\/strong><\/p>\n<p> \u0130ngiltere Championship ekiplerinden West Bromwich&#8217;in Elias Jelert&#8217;i takip etti\u011fi \u00f6\u011frenildi. \u0130ngiliz temsilcisinin Jelert konusunda \u0131srarc\u0131 oldu\u011fu ve d\u00f6nem sonunda Galatasaray&#8217;\u0131n kap\u0131s\u0131n\u0131 \u00e7alaca\u011f\u0131 bildirildi.<\/p>\n<p> <strong>BU D\u00d6NEM 33 MA\u00c7TA OYNADI<\/strong><\/p>\n<p> Sar\u0131- K\u0131rm\u0131z\u0131l\u0131 kul\u00fcple 2029 y\u0131l\u0131na kadar mukavelesi olan Elias Jelert bu d\u00f6nem 33 ma\u00e7ta forma giyerken 1 defa fileleri havaland\u0131rmay\u0131 ba\u015fard\u0131. Gen\u00e7 y\u0131ld\u0131z Galatasaray&#8217;dan y\u0131ll\u0131k 650 bin Euro kazan\u0131yor.\u00a0<\/p>\n<div>\u00a0<\/div>\n<\/div>\n<p><\/p>\n","protected":false},"excerpt":{"rendered":"<p>West Bromwich, Galatasaray&#8217;\u0131n Danimarkal\u0131 y\u0131ld\u0131z\u0131 Elias Jelert&#8217;i transfer etmek i\u00e7in harekete ge\u00e7ti.<\/p>\n","protected":false},"author":1,"featured_media":32708,"comment_status":"open","ping_status":"open","sticky":false,"template":"","format":"standard","meta":{"footnotes":""},"categories":[25],"tags":[57],"class_list":["post-32707","post","type-post","status-publish","format-standard","has-post-thumbnail","hentry","category-futbol","tag-sezon"],"_links":{"self":[{"href":"https:\/\/haberbesiktas.tr\/index.php?rest_route=\/wp\/v2\/posts\/32707","targetHints":{"allow":["GET"]}}],"collection":[{"href":"https:\/\/haberbesiktas.tr\/index.php?rest_route=\/wp\/v2\/posts"}],"about":[{"href":"https:\/\/haberbesiktas.tr\/index.php?rest_route=\/wp\/v2\/types\/post"}],"author":[{"embeddable":true,"href":"https:\/\/haberbesiktas.tr\/index.php?rest_route=\/wp\/v2\/users\/1"}],"replies":[{"embeddable":true,"href":"https:\/\/haberbesiktas.tr\/index.php?rest_route=%2Fwp%2Fv2%2Fcomments&post=32707"}],"version-history":[{"count":1,"href":"https:\/\/haberbesiktas.tr\/index.php?rest_route=\/wp\/v2\/posts\/32707\/revisions"}],"predecessor-version":[{"id":32709,"href":"https:\/\/haberbesiktas.tr\/index.php?rest_route=\/wp\/v2\/posts\/32707\/revisions\/32709"}],"wp:featuredmedia":[{"embeddable":true,"href":"https:\/\/haberbesiktas.tr\/index.php?rest_route=\/wp\/v2\/media\/32708"}],"wp:attachment":[{"href":"https:\/\/haberbesiktas.tr\/index.php?rest_route=%2Fwp%2Fv2%2Fmedia&parent=32707"}],"wp:term":[{"taxonomy":"category","embeddable":true,"href":"https:\/\/haberbesiktas.tr\/index.php?rest_route=%2Fwp%2Fv2%2Fcategories&post=32707"},{"taxonomy":"post_tag","embeddable":true,"href":"https:\/\/haberbesiktas.tr\/index.php?rest_route=%2Fwp%2Fv2%2Ftags&post=32707"}],"curies":[{"name":"wp","href":"https:\/\/api.w.org\/{rel}","templated":true}]}}