{"id":32713,"date":"2025-05-21T06:36:15","date_gmt":"2025-05-21T06:36:15","guid":{"rendered":"https:\/\/haberbesiktas.tr\/?p=32713"},"modified":"2025-05-21T06:36:15","modified_gmt":"2025-05-21T06:36:15","slug":"besiktasta-forvetler-son-iki-sezonu-aratiyor","status":"publish","type":"post","link":"https:\/\/haberbesiktas.tr\/?p=32713","title":{"rendered":"Be\u015fikta\u015f&#8217;ta forvetler, son iki sezonu arat\u0131yor!"},"content":{"rendered":"<div>Son haftalarda al\u0131nan ba\u015far\u0131s\u0131z sonu\u00e7lardan \u00f6t\u00fcr\u00fc Be\u015fikta\u015f&#8217;ta g\u00fcndem bir olduk\u00e7a a\u011f\u0131r. Kartal&#8217;da gelen yenilgiler ve gol yollar\u0131ndaki etkisiz performans makus istatistikleri g\u00fcn y\u00fcz\u00fcne \u00e7\u0131kar\u0131yor. <\/p>\n<p>Siyah- Beyazl\u0131lar&#8217;da \u00e7ok \u00f6nemli bir santrfor ezas\u0131 ya\u015fan\u0131rken mevcut tak\u0131mda bulunan futbolcular adeta yoklar\u0131 oynuyor. Be\u015fikta\u015f&#8217;ta Immobile (15); Semih (4) ve Mustafa Hekimo\u011flu (1) t\u00fcm kulvarlarda toplam 20 gol atarken ge\u00e7en son iki d\u00f6nemi mumla arat\u0131yor. <\/p>\n<p>Kartal&#8217;da golc\u00fcler 2023-24&#8217;te 35 gol atarken 2022-23&#8217;te 37 gol kaydetmi\u015fti. Ge\u00e7en d\u00f6nem Semih K\u0131l\u0131\u00e7soy 12; Cenk Tosun 11 ve Aboubakar da 12 gol atm\u0131\u015ft\u0131.<\/p>\n<p> <strong>RAFA GOLC\u00dc OLDU<\/strong><\/p>\n<p>Bir evvelki y\u0131l ise Cenk Tosun 18 gol atarken Aboubakar 13, Muleka da 6 defa a\u011flar\u0131 sarsm\u0131\u015ft\u0131. \u00d6te yandan Solskjaer&#8217;in vazifeye ba\u015flad\u0131\u011f\u0131 g\u00fcnden bu yana \u00e7\u0131kt\u0131\u011f\u0131 11 ma\u00e7ta 19 gol at\u0131ld\u0131.<\/p>\n<p> Bu 19 gol\u00fcn yaln\u0131zca 3&#8217;\u00fc forvetlerden (Semih 2, \u0130mmobile 1) geldi. Bu 3 gol\u00fcn 2&#8217;sinin penalt\u0131lardan at\u0131lmas\u0131 da dikkat \u00e7eken farkl\u0131 bir ayr\u0131nt\u0131yd\u0131. Penalt\u0131lar Semih ve Immobile&#8217;nin aya\u011f\u0131ndan gole d\u00f6n\u00fc\u015ft\u00fcr\u00fclm\u00fc\u015ft\u00fc. <\/p>\n<p>Norve\u00e7li hocan\u0131n devrinde 5 gol ile en \u00e7ok Rafa fileleri havaland\u0131r\u0131rken ikinci s\u0131rada ise 4 golle Joao Mario yer al\u0131yor. \u0130darenin forvet s\u0131n\u0131r\u0131ndaki d\u00fc\u015f\u00fcnceleri gidermek i\u00e7in \u00f6n\u00fcm\u00fczdeki d\u00f6nem bu b\u00f6lgeye destekler yapaca\u011f\u0131 gelen bilgiler ortas\u0131nda.\u00a0<\/p>\n<\/div>\n<p><\/p>\n","protected":false},"excerpt":{"rendered":"<p>Be\u015fikta\u015f&#8217;\u0131n forvet \u00e7izgisindeki derdi b\u00fcy\u00fck. Siyah-Beyazl\u0131lar&#8217;da Ciro \u0130mmobile (15); Semih (4) ve Mustafa (1) t\u00fcm kulvarlarda toplam 20 gol atarken ge\u00e7en son iki d\u00f6nemi mumla aratt\u0131.<\/p>\n","protected":false},"author":1,"featured_media":32714,"comment_status":"open","ping_status":"open","sticky":false,"template":"","format":"standard","meta":{"footnotes":""},"categories":[25],"tags":[77],"class_list":["post-32713","post","type-post","status-publish","format-standard","has-post-thumbnail","hentry","category-futbol","tag-gol"],"_links":{"self":[{"href":"https:\/\/haberbesiktas.tr\/index.php?rest_route=\/wp\/v2\/posts\/32713","targetHints":{"allow":["GET"]}}],"collection":[{"href":"https:\/\/haberbesiktas.tr\/index.php?rest_route=\/wp\/v2\/posts"}],"about":[{"href":"https:\/\/haberbesiktas.tr\/index.php?rest_route=\/wp\/v2\/types\/post"}],"author":[{"embeddable":true,"href":"https:\/\/haberbesiktas.tr\/index.php?rest_route=\/wp\/v2\/users\/1"}],"replies":[{"embeddable":true,"href":"https:\/\/haberbesiktas.tr\/index.php?rest_route=%2Fwp%2Fv2%2Fcomments&post=32713"}],"version-history":[{"count":1,"href":"https:\/\/haberbesiktas.tr\/index.php?rest_route=\/wp\/v2\/posts\/32713\/revisions"}],"predecessor-version":[{"id":32715,"href":"https:\/\/haberbesiktas.tr\/index.php?rest_route=\/wp\/v2\/posts\/32713\/revisions\/32715"}],"wp:featuredmedia":[{"embeddable":true,"href":"https:\/\/haberbesiktas.tr\/index.php?rest_route=\/wp\/v2\/media\/32714"}],"wp:attachment":[{"href":"https:\/\/haberbesiktas.tr\/index.php?rest_route=%2Fwp%2Fv2%2Fmedia&parent=32713"}],"wp:term":[{"taxonomy":"category","embeddable":true,"href":"https:\/\/haberbesiktas.tr\/index.php?rest_route=%2Fwp%2Fv2%2Fcategories&post=32713"},{"taxonomy":"post_tag","embeddable":true,"href":"https:\/\/haberbesiktas.tr\/index.php?rest_route=%2Fwp%2Fv2%2Ftags&post=32713"}],"curies":[{"name":"wp","href":"https:\/\/api.w.org\/{rel}","templated":true}]}}