{"id":32716,"date":"2025-05-21T06:48:16","date_gmt":"2025-05-21T06:48:16","guid":{"rendered":"https:\/\/haberbesiktas.tr\/?p=32716"},"modified":"2025-05-21T06:48:16","modified_gmt":"2025-05-21T06:48:16","slug":"fenerbahcede-buyuk-operasyon","status":"publish","type":"post","link":"https:\/\/haberbesiktas.tr\/?p=32716","title":{"rendered":"Fenerbah\u00e7e&#8217;de b\u00fcy\u00fck operasyon!"},"content":{"rendered":"<div>\n<p>Fenerbah\u00e7e idaresi, bu yaz yabanc\u0131 transferi yapabilmek i\u00e7in tak\u0131m\u0131nda b\u00fcy\u00fck bir revizyona mecbur.<\/p>\n<p> Kanarya&#8217;n\u0131n sakatl\u0131klar\u0131 nedeniyle lisans\u0131 \u00e7\u0131kar\u0131lmayan Oosterwolde ve Becao dahil 16 yabanc\u0131 ile mukavelesi var. Kiral\u0131k g\u00f6nderilen Mimovic, Lincoln, Miha Zajc, Omar Fayed ve Jin ho Jo dahil edildi\u011fin de yabanc\u0131 say\u0131s\u0131 21&#8217;e \u00e7\u0131k\u0131yor.<\/p>\n<p> <strong>K\u0130RALIKLAR D\u00d6NM\u00dcYOR<\/strong><\/p>\n<p> \u0130dare yeni d\u00f6nem \u00f6ncesinde 10&#8217;un \u00fczerinde yabanc\u0131 oyuncuyla yollar\u0131n\u0131 ay\u0131racak ve bu s\u00fcre\u00e7 sar\u0131-lacivertli idarenin ba\u015f\u0131n\u0131 a\u011fr\u0131tacak. Osayi, Dzeko, Tadic ve kiral\u0131k olarak forma giyen Saint Maximin ile yola devam edilmeyecek. Becao, Miha Zajc, Lincoln ve Jin ho Jo gidecekler listesinde. M\u0131s\u0131rl\u0131 Omar Fayed&#8217;in yine kiralanmas\u0131 planlan\u0131yor.\u00a0<\/p>\n<p> <strong>YER\u0130 GARANT\u0130 YED\u0130 \u0130S\u0130M<\/strong><\/p>\n<p> H\u0131rvat kaleci Dominik Livakovic ve Ganal\u0131 stoper Djiku&#8217;ya gelen transfer teklifleri pahaland\u0131r\u0131lacak. Oosterwolde yeni d\u00f6nemde da grupta kalacak. Brezilyal\u0131lar Diego Carlos, Talisca ve Fred ile kiral\u0131k olarak forma giyen Kostic ile Skriniar ve Zenit&#8217;te kiral\u0131k olarak forma giyen Mimovic&#8217;in yeni d\u00f6nemde tak\u0131mda olmas\u0131 bekleniyor.<\/p>\n<p> <strong>S\u00dcRPR\u0130Z YOLCULAR<\/strong><\/p>\n<p> Fiorentina&#8217;dan kiral\u0131k Amrabat d\u00f6nem sonunda 11 milyon Euro&#8217;luk sat\u0131n alma opsiyonu kullan\u0131larak tak\u0131ma kat\u0131lacak. En Nesyri ve Amrabat&#8217;a Suudi Arabistan kul\u00fcplerinin ilgisi s\u00fcr\u00fcyor. Szymanski&#8217;ye de Avrupa&#8217;dan ilgi var. Sar\u0131-lacivertli idare gelen teklifleri de\u011ferlendirmeye alacak.<\/p>\n<p> <strong>KADRO GEN\u00c7LE\u015eECEK<\/strong><\/p>\n<p> Fenerbah\u00e7e&#8217;nin ya\u015f ortalamas\u0131 27&#8230; 39 ya\u015f\u0131ndaki Dzeko ve 36 ya\u015f\u0131ndaki Tadic ile yollar\u0131n ayr\u0131lmas\u0131 bekleniyor. B\u00f6ylelikle sar\u0131-lacivertli grubun tak\u0131m\u0131n\u0131n ya\u015f ortalamas\u0131 da d\u00fc\u015fecek.\u00a0<span>Kadroda revizyona gitmeye haz\u0131rlanan Fenerbah\u00e7e, yeni yabanc\u0131 transferleri i\u00e7in en az 10 oyuncuyla yollar\u0131n\u0131 ay\u0131rmay\u0131 planl\u0131yor.\u00a0<\/span><\/p>\n<div>\u00a0<\/div>\n<\/div>\n<p><\/p>\n","protected":false},"excerpt":{"rendered":"<p>Tak\u0131mda revizyona gitmeye haz\u0131rlanan Fenerbah\u00e7e, yeni yabanc\u0131 transferleri i\u00e7in en az 10 oyuncuyla yollar\u0131n\u0131 ay\u0131rmay\u0131 planl\u0131yor.<\/p>\n","protected":false},"author":1,"featured_media":32717,"comment_status":"open","ping_status":"open","sticky":false,"template":"","format":"standard","meta":{"footnotes":""},"categories":[25],"tags":[1293,2660,144],"class_list":["post-32716","post","type-post","status-publish","format-standard","has-post-thumbnail","hentry","category-futbol","tag-kadro","tag-kiralik","tag-yabanci"],"_links":{"self":[{"href":"https:\/\/haberbesiktas.tr\/index.php?rest_route=\/wp\/v2\/posts\/32716","targetHints":{"allow":["GET"]}}],"collection":[{"href":"https:\/\/haberbesiktas.tr\/index.php?rest_route=\/wp\/v2\/posts"}],"about":[{"href":"https:\/\/haberbesiktas.tr\/index.php?rest_route=\/wp\/v2\/types\/post"}],"author":[{"embeddable":true,"href":"https:\/\/haberbesiktas.tr\/index.php?rest_route=\/wp\/v2\/users\/1"}],"replies":[{"embeddable":true,"href":"https:\/\/haberbesiktas.tr\/index.php?rest_route=%2Fwp%2Fv2%2Fcomments&post=32716"}],"version-history":[{"count":1,"href":"https:\/\/haberbesiktas.tr\/index.php?rest_route=\/wp\/v2\/posts\/32716\/revisions"}],"predecessor-version":[{"id":32718,"href":"https:\/\/haberbesiktas.tr\/index.php?rest_route=\/wp\/v2\/posts\/32716\/revisions\/32718"}],"wp:featuredmedia":[{"embeddable":true,"href":"https:\/\/haberbesiktas.tr\/index.php?rest_route=\/wp\/v2\/media\/32717"}],"wp:attachment":[{"href":"https:\/\/haberbesiktas.tr\/index.php?rest_route=%2Fwp%2Fv2%2Fmedia&parent=32716"}],"wp:term":[{"taxonomy":"category","embeddable":true,"href":"https:\/\/haberbesiktas.tr\/index.php?rest_route=%2Fwp%2Fv2%2Fcategories&post=32716"},{"taxonomy":"post_tag","embeddable":true,"href":"https:\/\/haberbesiktas.tr\/index.php?rest_route=%2Fwp%2Fv2%2Ftags&post=32716"}],"curies":[{"name":"wp","href":"https:\/\/api.w.org\/{rel}","templated":true}]}}