{"id":32719,"date":"2025-05-21T07:00:20","date_gmt":"2025-05-21T07:00:20","guid":{"rendered":"https:\/\/haberbesiktas.tr\/?p=32719"},"modified":"2025-05-21T07:00:20","modified_gmt":"2025-05-21T07:00:20","slug":"galatasaray-icin-altin-firsat-tarihi-fark","status":"publish","type":"post","link":"https:\/\/haberbesiktas.tr\/?p=32719","title":{"rendered":"Galatasaray i\u00e7in alt\u0131n f\u0131rsat; tarihi fark"},"content":{"rendered":"<div>S\u00fcper Lig&#8217;de bu d\u00f6nem harikulade bir \u015fampiyonluk yar\u0131\u015f\u0131 ya\u015fan\u0131yor. Galatasaray ve Fenerbah\u00e7e ge\u00e7en d\u00f6nem oldu\u011fu \u00fczere bu d\u00f6nem da \u015fampiyonluk yar\u0131\u015f\u0131nda ipi g\u00f6\u011f\u00fcslemek i\u00e7in fevkalade bir sava\u015f veriyor.<\/p>\n<p> Galatasaray, d\u00f6nem sonunda \u015fampiyon oldu\u011fu taktirde 25. \u015fampiyonlu\u011funu ya\u015fayacak ve 5. y\u0131ld\u0131z\u0131 takacak. Fenerbah\u00e7e&#8217;nin \u015fampiyon olmas\u0131 durumunda ise Sar\u0131-Lacivertliler, 20. defa keyifli sona ula\u015facak ve 4. y\u0131ld\u0131z formas\u0131na i\u015flenecek.<\/p>\n<p> Galatasaray ile Fenerbah\u00e7e ortas\u0131nda \u015fampiyonluk fark\u0131 hi\u00e7bir vakit 5&#8217;in \u00fczeri \u00e7\u0131kmad\u0131. Sar\u0131- K\u0131rm\u0131z\u0131l\u0131lar, 24 \u015fampiyonlukla Fenerbah\u00e7e&#8217;den 5 defa daha fazla \u015fampiyonluk sevinci ya\u015fad\u0131.<\/p>\n<p> <span><strong>11 YILDIR OLAMIYOR<\/strong><\/span><\/p>\n<p> Cimbom d\u00f6nem sonunda \u00fcst \u00fcste 3. \u015fampiyonlu\u011funu ilan ederse fark birinci defa 6&#8217;ya \u00e7\u0131km\u0131\u015f olacak ve S\u00fcper Lig tarihinde bir birinci ya\u015fanacak. 1985 y\u0131l\u0131nda Fenerbah\u00e7e&#8217;nin 11, Galatasaray&#8217;\u0131n ise 6 \u015fampiyonlu\u011fu vard\u0131.<\/p>\n<p> Galatasaray, son y\u0131llarda elde etti\u011fi \u015fampiyonluklarla ezeli rakibi Fenerbah\u00e7e&#8217;ye fark atm\u0131\u015f oldu. Fenerbah\u00e7e S\u00fcper Lig&#8217;de 11 y\u0131ld\u0131r \u015fampiyonluk sevinci ya\u015fayam\u0131yor. Ligde bu d\u00f6nem \u015fampiyon olacak kadro istikrarlar\u0131 bir manada de\u011fi\u015ftirmi\u015f olacak.\u00a0<\/p>\n<\/div>\n<p><\/p>\n","protected":false},"excerpt":{"rendered":"<p>Galatasaray&#8217;\u0131n m\u00fcmk\u00fcn \u015fampiyonlu\u011funda Fenerbah\u00e7e ile ortadaki fark birinci sefer 6&#8217;ya \u00e7\u0131km\u0131\u015f olacak.<\/p>\n","protected":false},"author":1,"featured_media":32720,"comment_status":"open","ping_status":"open","sticky":false,"template":"","format":"standard","meta":{"footnotes":""},"categories":[25],"tags":[115,129,91,2178,57],"class_list":["post-32719","post","type-post","status-publish","format-standard","has-post-thumbnail","hentry","category-futbol","tag-fenerbahce","tag-galatasaray","tag-sampiyon","tag-sampiyonluk","tag-sezon"],"_links":{"self":[{"href":"https:\/\/haberbesiktas.tr\/index.php?rest_route=\/wp\/v2\/posts\/32719","targetHints":{"allow":["GET"]}}],"collection":[{"href":"https:\/\/haberbesiktas.tr\/index.php?rest_route=\/wp\/v2\/posts"}],"about":[{"href":"https:\/\/haberbesiktas.tr\/index.php?rest_route=\/wp\/v2\/types\/post"}],"author":[{"embeddable":true,"href":"https:\/\/haberbesiktas.tr\/index.php?rest_route=\/wp\/v2\/users\/1"}],"replies":[{"embeddable":true,"href":"https:\/\/haberbesiktas.tr\/index.php?rest_route=%2Fwp%2Fv2%2Fcomments&post=32719"}],"version-history":[{"count":1,"href":"https:\/\/haberbesiktas.tr\/index.php?rest_route=\/wp\/v2\/posts\/32719\/revisions"}],"predecessor-version":[{"id":32721,"href":"https:\/\/haberbesiktas.tr\/index.php?rest_route=\/wp\/v2\/posts\/32719\/revisions\/32721"}],"wp:featuredmedia":[{"embeddable":true,"href":"https:\/\/haberbesiktas.tr\/index.php?rest_route=\/wp\/v2\/media\/32720"}],"wp:attachment":[{"href":"https:\/\/haberbesiktas.tr\/index.php?rest_route=%2Fwp%2Fv2%2Fmedia&parent=32719"}],"wp:term":[{"taxonomy":"category","embeddable":true,"href":"https:\/\/haberbesiktas.tr\/index.php?rest_route=%2Fwp%2Fv2%2Fcategories&post=32719"},{"taxonomy":"post_tag","embeddable":true,"href":"https:\/\/haberbesiktas.tr\/index.php?rest_route=%2Fwp%2Fv2%2Ftags&post=32719"}],"curies":[{"name":"wp","href":"https:\/\/api.w.org\/{rel}","templated":true}]}}