{"id":32722,"date":"2025-05-21T07:12:15","date_gmt":"2025-05-21T07:12:15","guid":{"rendered":"https:\/\/haberbesiktas.tr\/?p=32722"},"modified":"2025-05-21T07:12:15","modified_gmt":"2025-05-21T07:12:15","slug":"curryye-pelvis-sakatligi-nedeniyle-rontgen-cekildi","status":"publish","type":"post","link":"https:\/\/haberbesiktas.tr\/?p=32722","title":{"rendered":"Curry&#8217;ye pelvis sakatl\u0131\u011f\u0131 nedeniyle r\u00f6ntgen \u00e7ekildi"},"content":{"rendered":"<div>Golden State Warriors&#8217;\u0131n y\u0131ld\u0131z\u0131 Stephen Curry, Toronto Raptors kar\u015f\u0131s\u0131nda al\u0131nan 117-114&#8217;l\u00fck galibiyetin geri kalan\u0131nda sakatl\u0131\u011f\u0131 nedeniyle forma giyemedi.<\/p>\n<p> Curry, potaya yapt\u0131\u011f\u0131 sert bir penetre sonras\u0131 istikrars\u0131z d\u00fc\u015ferek s\u0131rt \u00fcst\u00fc yere d\u00fc\u015ft\u00fc. Bir mola s\u0131ras\u0131nda soyunma odas\u0131na y\u00f6nelen Warriors y\u0131ld\u0131z\u0131na, ma\u00e7 sonras\u0131 r\u00f6ntgen \u00e7ekildi.<\/p>\n<p> <strong>&#8220;Umar\u0131m \u00f6nemli bir \u015fey de\u011fildir, lakin \u015fu anda g\u00f6r\u00fcnt\u00fcleme yap\u0131l\u0131yor,&#8221;<\/strong> diyen Warriors ba\u015fantren\u00f6r\u00fc Steve Kerr, ma\u00e7 sonu bas\u0131n toplant\u0131s\u0131nda s\u00fcreci k\u0131ymetlendirdi.<\/p>\n<p> Sakatlanmadan evvel alanda kald\u0131\u011f\u0131 m\u00fcddette Curry, 6\/8 isabetle 17 say\u0131 ve 2 ribaund kaydetti.<\/p>\n<p> 37 ya\u015f\u0131ndaki Curry, Sal\u0131 g\u00fcn\u00fc Bucks kar\u015f\u0131s\u0131nda al\u0131nan galibiyette dinlendirilmi\u015fti.<\/p>\n<p> Warriors, All-Star ortas\u0131ndan bu yana dayan\u0131lmaz bir form grafi\u011fi yakalayarak oynad\u0131\u011f\u0131 14 ma\u00e7\u0131n 12&#8217;sini kazand\u0131.<\/p>\n<p> Bu d\u00f6nem 24.3 say\u0131, 6.1 asist, 3.3 ribaund ve 1.1 top \u00e7alma ortalamalar\u0131yla oynayan deneyimli oyuncunun durumu \u00f6n\u00fcm\u00fczdeki g\u00fcnlerde netlik kazanacak.<\/p>\n<\/div>\n<p><\/p>\n","protected":false},"excerpt":{"rendered":"<p>Golden State Warriors&#8217;\u0131n y\u0131ld\u0131z\u0131 Stephen Curry, Toronto Raptors kar\u015f\u0131s\u0131nda al\u0131nan 117-114&#8217;l\u00fck galibiyetin geri kalan\u0131nda sakatl\u0131\u011f\u0131 nedeniyle forma giyemedi.<\/p>\n","protected":false},"author":1,"featured_media":32723,"comment_status":"open","ping_status":"open","sticky":false,"template":"","format":"standard","meta":{"footnotes":""},"categories":[10],"tags":[],"class_list":["post-32722","post","type-post","status-publish","format-standard","has-post-thumbnail","hentry","category-basketbol"],"_links":{"self":[{"href":"https:\/\/haberbesiktas.tr\/index.php?rest_route=\/wp\/v2\/posts\/32722","targetHints":{"allow":["GET"]}}],"collection":[{"href":"https:\/\/haberbesiktas.tr\/index.php?rest_route=\/wp\/v2\/posts"}],"about":[{"href":"https:\/\/haberbesiktas.tr\/index.php?rest_route=\/wp\/v2\/types\/post"}],"author":[{"embeddable":true,"href":"https:\/\/haberbesiktas.tr\/index.php?rest_route=\/wp\/v2\/users\/1"}],"replies":[{"embeddable":true,"href":"https:\/\/haberbesiktas.tr\/index.php?rest_route=%2Fwp%2Fv2%2Fcomments&post=32722"}],"version-history":[{"count":1,"href":"https:\/\/haberbesiktas.tr\/index.php?rest_route=\/wp\/v2\/posts\/32722\/revisions"}],"predecessor-version":[{"id":32724,"href":"https:\/\/haberbesiktas.tr\/index.php?rest_route=\/wp\/v2\/posts\/32722\/revisions\/32724"}],"wp:featuredmedia":[{"embeddable":true,"href":"https:\/\/haberbesiktas.tr\/index.php?rest_route=\/wp\/v2\/media\/32723"}],"wp:attachment":[{"href":"https:\/\/haberbesiktas.tr\/index.php?rest_route=%2Fwp%2Fv2%2Fmedia&parent=32722"}],"wp:term":[{"taxonomy":"category","embeddable":true,"href":"https:\/\/haberbesiktas.tr\/index.php?rest_route=%2Fwp%2Fv2%2Fcategories&post=32722"},{"taxonomy":"post_tag","embeddable":true,"href":"https:\/\/haberbesiktas.tr\/index.php?rest_route=%2Fwp%2Fv2%2Ftags&post=32722"}],"curies":[{"name":"wp","href":"https:\/\/api.w.org\/{rel}","templated":true}]}}