{"id":32737,"date":"2025-05-21T08:12:20","date_gmt":"2025-05-21T08:12:20","guid":{"rendered":"https:\/\/haberbesiktas.tr\/?p=32737"},"modified":"2025-05-21T08:12:20","modified_gmt":"2025-05-21T08:12:20","slug":"galatasaray-joao-felix-icin-bastiriyor","status":"publish","type":"post","link":"https:\/\/haberbesiktas.tr\/?p=32737","title":{"rendered":"Galatasaray, Joao Felix i\u00e7in bast\u0131r\u0131yor!"},"content":{"rendered":"<div>\u015eampiyonluk yolunda emin ad\u0131mlarla ilerleyen Galatasaray&#8217;da gelecek d\u00f6nemin tak\u0131m\u0131 i\u00e7in \u00e7al\u0131\u015fmalar s\u00fcrat kesmeden devam ediyor.<\/p>\n<p> Futbolu b\u0131rakmaya haz\u0131rlanan Mertens&#8217;in alternatifi i\u00e7in ise bir isim \u00f6ne \u00e7\u0131k\u0131yor: Joao Felix&#8230;<\/p>\n<p> \u0130talyan bas\u0131n\u0131na nazaran Milan&#8217;da kiral\u0131k olarak forma giyen Portekizli oyuncu, d\u00f6nem sonunda \u0130ngiltere&#8217;ye d\u00f6necek.<\/p>\n<p> <strong>MAA\u015eI 9 M\u0130LYON<\/strong><\/p>\n<p> Milan&#8217;da arad\u0131\u011f\u0131n\u0131 bulamad\u0131\u011f\u0131 i\u00e7in yeni bir aray\u0131\u015fa girecek olan Felix, idarenin yeni d\u00f6nem \u00e7ile\u011fi olacak. Hem d\u00f6nem ba\u015f\u0131nda hem de orta transfer devrinde Portekizli oyuncu i\u00e7in harekete ge\u00e7en sar\u0131-k\u0131rm\u0131z\u0131l\u0131 idare memnun sona ula\u015famam\u0131\u015ft\u0131.<\/p>\n<p> Okan Buruk&#8217;un teknik tak\u0131mda g\u00f6rmek istedi\u011fi Mertens&#8217;in bo\u015flu\u011funu kiralama yoluna giderek Felix ile doldurmak isteyen idare, oyuncunun bir y\u0131ll\u0131k maa\u015f\u0131 olan 9 milyon euro&#8217;yu \u00f6demeyi taahh\u00fct edecek.<\/p>\n<p> Ayr\u0131yeten kiralama m\u00fcddeti bitimi i\u00e7in de bir sat\u0131n alma unsuru \u00f6nerilecek.\u00a0<\/p>\n<\/div>\n<p><\/p>\n","protected":false},"excerpt":{"rendered":"<p>Galatasaray, d\u00f6nem sonunda futbolu b\u0131rakmas\u0131 beklenen Mertens&#8217;in yerine Joao Felix&#8217;i d\u00fc\u015f\u00fcn\u00fcyor.<\/p>\n","protected":false},"author":1,"featured_media":32738,"comment_status":"open","ping_status":"open","sticky":false,"template":"","format":"standard","meta":{"footnotes":""},"categories":[25],"tags":[],"class_list":["post-32737","post","type-post","status-publish","format-standard","has-post-thumbnail","hentry","category-futbol"],"_links":{"self":[{"href":"https:\/\/haberbesiktas.tr\/index.php?rest_route=\/wp\/v2\/posts\/32737","targetHints":{"allow":["GET"]}}],"collection":[{"href":"https:\/\/haberbesiktas.tr\/index.php?rest_route=\/wp\/v2\/posts"}],"about":[{"href":"https:\/\/haberbesiktas.tr\/index.php?rest_route=\/wp\/v2\/types\/post"}],"author":[{"embeddable":true,"href":"https:\/\/haberbesiktas.tr\/index.php?rest_route=\/wp\/v2\/users\/1"}],"replies":[{"embeddable":true,"href":"https:\/\/haberbesiktas.tr\/index.php?rest_route=%2Fwp%2Fv2%2Fcomments&post=32737"}],"version-history":[{"count":1,"href":"https:\/\/haberbesiktas.tr\/index.php?rest_route=\/wp\/v2\/posts\/32737\/revisions"}],"predecessor-version":[{"id":32739,"href":"https:\/\/haberbesiktas.tr\/index.php?rest_route=\/wp\/v2\/posts\/32737\/revisions\/32739"}],"wp:featuredmedia":[{"embeddable":true,"href":"https:\/\/haberbesiktas.tr\/index.php?rest_route=\/wp\/v2\/media\/32738"}],"wp:attachment":[{"href":"https:\/\/haberbesiktas.tr\/index.php?rest_route=%2Fwp%2Fv2%2Fmedia&parent=32737"}],"wp:term":[{"taxonomy":"category","embeddable":true,"href":"https:\/\/haberbesiktas.tr\/index.php?rest_route=%2Fwp%2Fv2%2Fcategories&post=32737"},{"taxonomy":"post_tag","embeddable":true,"href":"https:\/\/haberbesiktas.tr\/index.php?rest_route=%2Fwp%2Fv2%2Ftags&post=32737"}],"curies":[{"name":"wp","href":"https:\/\/api.w.org\/{rel}","templated":true}]}}