{"id":32818,"date":"2025-05-21T13:36:20","date_gmt":"2025-05-21T13:36:20","guid":{"rendered":"https:\/\/haberbesiktas.tr\/?p=32818"},"modified":"2025-05-21T13:36:20","modified_gmt":"2025-05-21T13:36:20","slug":"ispanyol-basininda-arda-guler-tartismasi","status":"publish","type":"post","link":"https:\/\/haberbesiktas.tr\/?p=32818","title":{"rendered":"\u0130spanyol bas\u0131n\u0131nda Arda G\u00fcler tart\u0131\u015fmas\u0131!"},"content":{"rendered":"<div>\n<p>T\u00fcrkiye&#8217;nin Macaristan&#8217;\u0131 3-1 ma\u011flup etti\u011fi UEFA Uluslar Ligi ma\u00e7\u0131nda Arda G\u00fcler cezal\u0131 oldu\u011fu i\u00e7in forma giyemedi. Lakin gen\u00e7 y\u0131ld\u0131z, alanda olmasa da tekrar g\u00fcndemdeydi. \u0130spanyol bas\u0131n\u0131, bilhassa Hakan \u00c7alhano\u011flu&#8217;nun ulusal ma\u00e7 sonras\u0131 yapt\u0131\u011f\u0131 a\u00e7\u0131klamalara geni\u015f yer ay\u0131rd\u0131.<\/p>\n<p> Inter formas\u0131 giyen ulusal y\u0131ld\u0131z Hakan \u00c7alhano\u011flu, Arda G\u00fcler&#8217;in yeteneklerine vurgu yaparak,<strong> &#8220;Arda \u00e7ok de\u011ferli bir oyuncu, k\u00fc\u00e7\u00fck bir karde\u015f \u00fczere sevdi\u011fim biri. Onun Inter&#8217;de bizimle oynamas\u0131n\u0131 isterim fakat bunun yanl\u0131\u015fs\u0131z olup olmad\u0131\u011f\u0131n\u0131 bilmiyorum. Real Madrid&#8217;deki durumunu o daha d\u00fczg\u00fcn bilir. Lakin daha fazla m\u00fcddet almay\u0131 istiyor ve hak etti\u011fini d\u00fc\u015f\u00fcn\u00fcyorum&#8221;<\/strong> dedi.\u00a0<\/p>\n<p> <strong>&#8220;ARDA G\u00dcLER VE MEMNUNLUK ARAYI\u015eI&#8221;<\/strong><\/p>\n<p> \u0130spanyol gazetesi MARCA, \u00c7alhano\u011flu&#8217;nun bu kelamlar\u0131n\u0131 man\u015fete ta\u015f\u0131yarak, <strong>&#8220;Arda G\u00fcler ve memnunluk aray\u0131\u015f\u0131&#8221;<\/strong> ba\u015fl\u0131\u011f\u0131yla verdi\u011fi haberde gen\u00e7 oyuncunun daha fazla m\u00fchlet almas\u0131 gerekti\u011fine vurgu yapt\u0131.<\/p>\n<p> <strong>&#8220;YAZ AYLARINDA K\u0130RALIK G\u00d6NDER\u0130LEB\u0130L\u0130R&#8221;<\/strong><\/p>\n<p> MundoDeportivo Inter&#8217;in, Arda G\u00fcler&#8217;i transfer etmek isteyen kul\u00fcplerden biri oldu\u011funu ve Real Madrid&#8217;in bu se\u00e7ene\u011fi de\u011ferlendirebilece\u011fini belirtti. Gazete haberde \u015fu s\u00f6zlere yer verdi:<strong> &#8220;Ger\u00e7ek \u015fu ki, Arda G\u00fcler&#8217;e gelecek d\u00f6nem ilgi g\u00f6steren kadrolardan biri de Inter Milan. T\u00fcrk futbolcu \u015fimdilik Real Madrid&#8217;de kalacak lakin durumu de\u011fi\u015fmezse yaz aylar\u0131nda kiral\u0131k olarak g\u00f6nderilebilir yahut transfer bile yap\u0131labilir&#8221;\u00a0<\/strong><\/p>\n<p> Sport Gazetesi ise Arda G\u00fcler&#8217;in Real Madrid&#8217;deki durumuna dikkat \u00e7ekerek, gen\u00e7 oyuncunun daha fazla talih bulamamas\u0131n\u0131n geli\u015fimini olumsuz etkileyebilece\u011fini yazd\u0131. Haberde, Inter&#8217;in Arda&#8217;y\u0131 tak\u0131m\u0131na katmak i\u00e7in te\u015febb\u00fcslerde bulundu\u011fu lakin Real Madrid&#8217;in bu talebe \u015fu an i\u00e7in olumsuz kar\u015f\u0131l\u0131k verdi\u011fi s\u00f6z edildi. Lakin \u015fayet d\u00f6nem sonunda Carlo Ancelotti ekipten ayr\u0131l\u0131rsa, Arda&#8217;n\u0131n da gelece\u011fi farkl\u0131 bir istikamete evrilebilir.<\/p>\n<p> Real Madrid&#8217;de gere\u011fince m\u00fchlet alamayan Arda G\u00fcler i\u00e7in transfer s\u00f6ylentileri artarken, yaz aylar\u0131nda \u0130spanyol devinin nas\u0131l bir karar alaca\u011f\u0131 belirsizli\u011fini koruyor.<\/p>\n<\/div>\n<p><\/p>\n","protected":false},"excerpt":{"rendered":"<p>\u0130spanyol bas\u0131n\u0131, ulusal ma\u00e7\u0131n akabinde Hakan \u00c7alhano\u011flu&#8217;nun Arda G\u00fcler hakk\u0131nda yapt\u0131\u011f\u0131 a\u00e7\u0131klamalara geni\u015f yer verdi.<\/p>\n","protected":false},"author":1,"featured_media":32819,"comment_status":"open","ping_status":"open","sticky":false,"template":"","format":"standard","meta":{"footnotes":""},"categories":[25],"tags":[866,622,700],"class_list":["post-32818","post","type-post","status-publish","format-standard","has-post-thumbnail","hentry","category-futbol","tag-arda-guler","tag-inter","tag-real"],"_links":{"self":[{"href":"https:\/\/haberbesiktas.tr\/index.php?rest_route=\/wp\/v2\/posts\/32818","targetHints":{"allow":["GET"]}}],"collection":[{"href":"https:\/\/haberbesiktas.tr\/index.php?rest_route=\/wp\/v2\/posts"}],"about":[{"href":"https:\/\/haberbesiktas.tr\/index.php?rest_route=\/wp\/v2\/types\/post"}],"author":[{"embeddable":true,"href":"https:\/\/haberbesiktas.tr\/index.php?rest_route=\/wp\/v2\/users\/1"}],"replies":[{"embeddable":true,"href":"https:\/\/haberbesiktas.tr\/index.php?rest_route=%2Fwp%2Fv2%2Fcomments&post=32818"}],"version-history":[{"count":1,"href":"https:\/\/haberbesiktas.tr\/index.php?rest_route=\/wp\/v2\/posts\/32818\/revisions"}],"predecessor-version":[{"id":32820,"href":"https:\/\/haberbesiktas.tr\/index.php?rest_route=\/wp\/v2\/posts\/32818\/revisions\/32820"}],"wp:featuredmedia":[{"embeddable":true,"href":"https:\/\/haberbesiktas.tr\/index.php?rest_route=\/wp\/v2\/media\/32819"}],"wp:attachment":[{"href":"https:\/\/haberbesiktas.tr\/index.php?rest_route=%2Fwp%2Fv2%2Fmedia&parent=32818"}],"wp:term":[{"taxonomy":"category","embeddable":true,"href":"https:\/\/haberbesiktas.tr\/index.php?rest_route=%2Fwp%2Fv2%2Fcategories&post=32818"},{"taxonomy":"post_tag","embeddable":true,"href":"https:\/\/haberbesiktas.tr\/index.php?rest_route=%2Fwp%2Fv2%2Ftags&post=32818"}],"curies":[{"name":"wp","href":"https:\/\/api.w.org\/{rel}","templated":true}]}}