{"id":32999,"date":"2025-05-22T02:48:18","date_gmt":"2025-05-22T02:48:18","guid":{"rendered":"https:\/\/haberbesiktas.tr\/?p=32999"},"modified":"2025-05-22T02:48:18","modified_gmt":"2025-05-22T02:48:18","slug":"fenerbahce-oguz-aydinin-bonservisini-belirledi","status":"publish","type":"post","link":"https:\/\/haberbesiktas.tr\/?p=32999","title":{"rendered":"Fenerbah\u00e7e, O\u011fuz Ayd\u0131n&#8217;\u0131n bonservisini belirledi"},"content":{"rendered":"<div>\n<p>A Ulusal Grup formas\u0131yla Macaristan&#8217;a kar\u015f\u0131 \u00e7ok uygun bir performans ortaya koyan O\u011fuz Ayd\u0131n, alanda kald\u0131\u011f\u0131 72 dakikada kendisi i\u00e7in gelen dev kul\u00fcpleri mest etti.<\/p>\n<p> Ay-Y\u0131ld\u0131zl\u0131 tak\u0131mdaki birinci resmi ma\u00e7\u0131nda 2 asiste imzas\u0131n\u0131 koyan Fenerbah\u00e7eli yetenek, alana damgas\u0131n\u0131 vurdu.<\/p>\n<p> <strong>O\u011eUZ AYDIN&#8217;A TAM NOT<\/strong><\/p>\n<p> Yaz ba\u015f\u0131nda 6 milyon Euro&#8217;ya Alanyaspor&#8217;dan al\u0131nan 24 ya\u015f\u0131ndaki futbolcuyu daha evvel Ajax istemi\u015f lakin teklif reddedilmi\u015fti. Art\u0131k ise ba\u015far\u0131l\u0131 kanat oyuncusunu Villarreal, Lazio ve Marsilya takip ediyor. Bu 3 kadronun da RAMS Park&#8217;ta canl\u0131 olarak izledikleri O\u011fuz&#8217;a hayran kald\u0131\u011f\u0131 ve tam not verdi\u011fi \u00f6\u011frenildi.<\/p>\n<p> <strong>BONSERV\u0130S BEDEL\u0130 20 M\u0130LYON EURO<\/strong><\/p>\n<p> Bu durumdan \u00e7ok \u015fad olan Fenerbah\u00e7e idaresi, y\u00fckselen form grafi\u011fi ile isminden kelam ettiren O\u011fuz Ayd\u0131n i\u00e7in en az 20 milyon Euro&#8217;luk bonservis bedeli belirledi. Bu say\u0131n\u0131n alt\u0131na gelecek teklifler de\u011ferlendirmeye al\u0131nmayacak.<\/p>\n<p><strong>PERFORMANSI<\/strong><\/p>\n<p>Bu d\u00f6nem sar\u0131 lacivertli formayla 19 ma\u00e7ta vazife alan O\u011fuz, 5 gol 6 asistlik performans sergiledi.\u00a0<\/p>\n<\/div>\n<p><\/p>\n","protected":false},"excerpt":{"rendered":"<p>Fenerbah\u00e7e, ulusal oyuncusu O\u011fuz Ayd\u0131n&#8217;\u0131n bonservisini belirledi. \u0130\u015fte ayr\u0131nt\u0131lar&#8230;<\/p>\n","protected":false},"author":1,"featured_media":33000,"comment_status":"open","ping_status":"open","sticky":false,"template":"","format":"standard","meta":{"footnotes":""},"categories":[25],"tags":[2704],"class_list":["post-32999","post","type-post","status-publish","format-standard","has-post-thumbnail","hentry","category-futbol","tag-oguz"],"_links":{"self":[{"href":"https:\/\/haberbesiktas.tr\/index.php?rest_route=\/wp\/v2\/posts\/32999","targetHints":{"allow":["GET"]}}],"collection":[{"href":"https:\/\/haberbesiktas.tr\/index.php?rest_route=\/wp\/v2\/posts"}],"about":[{"href":"https:\/\/haberbesiktas.tr\/index.php?rest_route=\/wp\/v2\/types\/post"}],"author":[{"embeddable":true,"href":"https:\/\/haberbesiktas.tr\/index.php?rest_route=\/wp\/v2\/users\/1"}],"replies":[{"embeddable":true,"href":"https:\/\/haberbesiktas.tr\/index.php?rest_route=%2Fwp%2Fv2%2Fcomments&post=32999"}],"version-history":[{"count":1,"href":"https:\/\/haberbesiktas.tr\/index.php?rest_route=\/wp\/v2\/posts\/32999\/revisions"}],"predecessor-version":[{"id":33001,"href":"https:\/\/haberbesiktas.tr\/index.php?rest_route=\/wp\/v2\/posts\/32999\/revisions\/33001"}],"wp:featuredmedia":[{"embeddable":true,"href":"https:\/\/haberbesiktas.tr\/index.php?rest_route=\/wp\/v2\/media\/33000"}],"wp:attachment":[{"href":"https:\/\/haberbesiktas.tr\/index.php?rest_route=%2Fwp%2Fv2%2Fmedia&parent=32999"}],"wp:term":[{"taxonomy":"category","embeddable":true,"href":"https:\/\/haberbesiktas.tr\/index.php?rest_route=%2Fwp%2Fv2%2Fcategories&post=32999"},{"taxonomy":"post_tag","embeddable":true,"href":"https:\/\/haberbesiktas.tr\/index.php?rest_route=%2Fwp%2Fv2%2Ftags&post=32999"}],"curies":[{"name":"wp","href":"https:\/\/api.w.org\/{rel}","templated":true}]}}