{"id":33014,"date":"2025-05-22T03:48:17","date_gmt":"2025-05-22T03:48:17","guid":{"rendered":"https:\/\/haberbesiktas.tr\/?p=33014"},"modified":"2025-05-22T03:48:17","modified_gmt":"2025-05-22T03:48:17","slug":"besiktastan-milli-yildizlara-kanca","status":"publish","type":"post","link":"https:\/\/haberbesiktas.tr\/?p=33014","title":{"rendered":"Be\u015fikta\u015f&#8217;tan milli y\u0131ld\u0131zlara kanca!"},"content":{"rendered":"<div>\n<p>Yeni d\u00f6nem i\u00e7in transfer \u00e7al\u0131\u015fmalar\u0131n\u0131 s\u00fcrd\u00fcren Be\u015fikta\u015f, bir yandan maliyeti y\u00fcksek ve gruba katk\u0131 sa\u011flayamayan yabanc\u0131 oyuncular ile yollar\u0131n\u0131 ay\u0131rmaya \u00e7al\u0131\u015f\u0131rken, \u00f6teki yandan da kadroyu T\u00fcrk oyuncular ile destek etmeyi planl\u0131yor.<\/p>\n<p> Bu do\u011frultuda Borussia Dortmund&#8217;un \u00f6n liberosu Salih \u00d6zcan ve Eintracht Frankfurt&#8217;un kanat oyuncusu Can Uzun&#8217;u g\u00fcndemine ald\u0131.\u00a0<\/p>\n<p> <strong>SATIN ALMA OPS\u0130YONLU TEKL\u0130F<\/strong><\/p>\n<p> Siyah-beyazl\u0131lar iki oyuncunun da gere\u011fince talih bulamamas\u0131 nedeniyle kadrolar\u0131na kiral\u0131k art\u0131 sat\u0131n alma opsiyonlu teklif yapmay\u0131 planl\u0131yor.<\/p>\n<p> Ulusal futbolcu Salih \u00d6zcan&#8217;\u0131n kul\u00fcb\u00fcyle 1 y\u0131ll\u0131k daha kontrat\u0131 bulunuyor. Dortmund&#8217;un, 27 ya\u015f\u0131ndaki oyuncu i\u00e7in, uygun bir teklif gelmesi halinde transferine onay vermesi bekleniyor.<\/p>\n<p> <strong>SAL\u0130H \u00d6ZCAN SKOR \u00dcRETEMED\u0130<\/strong><\/p>\n<p> Ulusal forma alt\u0131nda 22 kere \u00e7aba eden deneyimli oyuncu bu d\u00f6nem sar\u0131-siyahl\u0131larda 16 ma\u00e7a \u00e7\u0131kt\u0131 gol ya da asist katk\u0131s\u0131 \u00fcretemedi.<\/p>\n<p> <strong>CAN UZUN&#8217;UN PERFORMANSI<\/strong><\/p>\n<p> Ba\u015fka yandan, 2 defa ulusal olan Can Uzun&#8217;un ise bu d\u00f6nem 17 ma\u00e7ta 4 gol, 1 asist katk\u0131s\u0131 yapt\u0131. Gurbet\u00e7i oyuncunun kul\u00fcb\u00fcyle Haziran 2029&#8217;a kadar mukavelesi bulunuyor.\u00a0<\/p>\n<\/div>\n<p><\/p>\n","protected":false},"excerpt":{"rendered":"<p>Be\u015fikta\u015f, Salih \u00d6zcan ve Can Uzun&#8217;u kiral\u0131k sat\u0131n alma opsiyonuyla tak\u0131m\u0131na katmak i\u00e7in harekete ge\u00e7ti.<\/p>\n","protected":false},"author":1,"featured_media":33015,"comment_status":"open","ping_status":"open","sticky":false,"template":"","format":"standard","meta":{"footnotes":""},"categories":[25],"tags":[49],"class_list":["post-33014","post","type-post","status-publish","format-standard","has-post-thumbnail","hentry","category-futbol","tag-oyuncu"],"_links":{"self":[{"href":"https:\/\/haberbesiktas.tr\/index.php?rest_route=\/wp\/v2\/posts\/33014","targetHints":{"allow":["GET"]}}],"collection":[{"href":"https:\/\/haberbesiktas.tr\/index.php?rest_route=\/wp\/v2\/posts"}],"about":[{"href":"https:\/\/haberbesiktas.tr\/index.php?rest_route=\/wp\/v2\/types\/post"}],"author":[{"embeddable":true,"href":"https:\/\/haberbesiktas.tr\/index.php?rest_route=\/wp\/v2\/users\/1"}],"replies":[{"embeddable":true,"href":"https:\/\/haberbesiktas.tr\/index.php?rest_route=%2Fwp%2Fv2%2Fcomments&post=33014"}],"version-history":[{"count":1,"href":"https:\/\/haberbesiktas.tr\/index.php?rest_route=\/wp\/v2\/posts\/33014\/revisions"}],"predecessor-version":[{"id":33016,"href":"https:\/\/haberbesiktas.tr\/index.php?rest_route=\/wp\/v2\/posts\/33014\/revisions\/33016"}],"wp:featuredmedia":[{"embeddable":true,"href":"https:\/\/haberbesiktas.tr\/index.php?rest_route=\/wp\/v2\/media\/33015"}],"wp:attachment":[{"href":"https:\/\/haberbesiktas.tr\/index.php?rest_route=%2Fwp%2Fv2%2Fmedia&parent=33014"}],"wp:term":[{"taxonomy":"category","embeddable":true,"href":"https:\/\/haberbesiktas.tr\/index.php?rest_route=%2Fwp%2Fv2%2Fcategories&post=33014"},{"taxonomy":"post_tag","embeddable":true,"href":"https:\/\/haberbesiktas.tr\/index.php?rest_route=%2Fwp%2Fv2%2Ftags&post=33014"}],"curies":[{"name":"wp","href":"https:\/\/api.w.org\/{rel}","templated":true}]}}