{"id":33017,"date":"2025-05-22T04:00:17","date_gmt":"2025-05-22T04:00:17","guid":{"rendered":"https:\/\/haberbesiktas.tr\/?p=33017"},"modified":"2025-05-22T04:00:17","modified_gmt":"2025-05-22T04:00:17","slug":"besiktasli-keny-arroyoya-milli-fren","status":"publish","type":"post","link":"https:\/\/haberbesiktas.tr\/?p=33017","title":{"rendered":"Be\u015fikta\u015fl\u0131 Keny Arroyo&#8217;ya milli fren!"},"content":{"rendered":"<div>\n<p>Ekvador&#8217;un Venezuela ile oynad\u0131\u011f\u0131 ma\u00e7ta Be\u015fikta\u015fl\u0131 Keny Arroyo&#8217;nun yedek kul\u00fcbesinde bile yer almamas\u0131 dikkat \u00e7ekti.\u00a0<\/p>\n<p> Teknik Y\u00f6netici Sebastian Beccacece, bu karar\u0131n b\u00fcsb\u00fct\u00fcn taktiksel oldu\u011funu s\u00f6yledi. Keny&#8217;nin yerine Darwin Guagua kadroya al\u0131nd\u0131.<\/p>\n<p> Keny Arroyo&#8217;yu birinci sefer ulusal ekipte oynatan isim olan Sebastian Beccacece&#8217;nin bu karar\u0131 \u015fa\u015fk\u0131nl\u0131k yaratt\u0131. Arroyo&#8217;nun rastgele bir sakatl\u0131\u011f\u0131 ya da rahats\u0131zl\u0131\u011f\u0131 bulunmuyor.<\/p>\n<p> \u015eili ma\u00e7\u0131nda Keny&#8217;nin tak\u0131mda yer al\u0131p almayaca\u011f\u0131 konusu da belirsizli\u011fini koruyor.<\/p>\n<p> <strong>PERFORMANSI<\/strong><\/p>\n<p> Keny Arroyo \u015fu ana kadar Be\u015fikta\u015f formas\u0131yla 5 ma\u00e7a \u00e7\u0131kt\u0131, 1 gol att\u0131, 124 dakika alanda kald\u0131.\u00a0<\/p>\n<div>\u00a0<\/div>\n<\/div>\n<p><\/p>\n","protected":false},"excerpt":{"rendered":"<p>Ekvador&#8217;un Venezuela ma\u00e7\u0131 tak\u0131m\u0131na al\u0131nmayan Be\u015fikta\u015f&#8217;\u0131n oyuncusu Keny Arroyo i\u00e7in teknik y\u00f6netici Sebastian Beccacece a\u00e7\u0131klama yapt\u0131.<\/p>\n","protected":false},"author":1,"featured_media":33018,"comment_status":"open","ping_status":"open","sticky":false,"template":"","format":"standard","meta":{"footnotes":""},"categories":[25],"tags":[1641],"class_list":["post-33017","post","type-post","status-publish","format-standard","has-post-thumbnail","hentry","category-futbol","tag-keny"],"_links":{"self":[{"href":"https:\/\/haberbesiktas.tr\/index.php?rest_route=\/wp\/v2\/posts\/33017","targetHints":{"allow":["GET"]}}],"collection":[{"href":"https:\/\/haberbesiktas.tr\/index.php?rest_route=\/wp\/v2\/posts"}],"about":[{"href":"https:\/\/haberbesiktas.tr\/index.php?rest_route=\/wp\/v2\/types\/post"}],"author":[{"embeddable":true,"href":"https:\/\/haberbesiktas.tr\/index.php?rest_route=\/wp\/v2\/users\/1"}],"replies":[{"embeddable":true,"href":"https:\/\/haberbesiktas.tr\/index.php?rest_route=%2Fwp%2Fv2%2Fcomments&post=33017"}],"version-history":[{"count":1,"href":"https:\/\/haberbesiktas.tr\/index.php?rest_route=\/wp\/v2\/posts\/33017\/revisions"}],"predecessor-version":[{"id":33019,"href":"https:\/\/haberbesiktas.tr\/index.php?rest_route=\/wp\/v2\/posts\/33017\/revisions\/33019"}],"wp:featuredmedia":[{"embeddable":true,"href":"https:\/\/haberbesiktas.tr\/index.php?rest_route=\/wp\/v2\/media\/33018"}],"wp:attachment":[{"href":"https:\/\/haberbesiktas.tr\/index.php?rest_route=%2Fwp%2Fv2%2Fmedia&parent=33017"}],"wp:term":[{"taxonomy":"category","embeddable":true,"href":"https:\/\/haberbesiktas.tr\/index.php?rest_route=%2Fwp%2Fv2%2Fcategories&post=33017"},{"taxonomy":"post_tag","embeddable":true,"href":"https:\/\/haberbesiktas.tr\/index.php?rest_route=%2Fwp%2Fv2%2Ftags&post=33017"}],"curies":[{"name":"wp","href":"https:\/\/api.w.org\/{rel}","templated":true}]}}