{"id":33023,"date":"2025-05-22T04:24:17","date_gmt":"2025-05-22T04:24:17","guid":{"rendered":"https:\/\/haberbesiktas.tr\/?p=33023"},"modified":"2025-05-22T04:24:17","modified_gmt":"2025-05-22T04:24:17","slug":"rayyan-baniya-ikinci-kez-bunu-yasadi","status":"publish","type":"post","link":"https:\/\/haberbesiktas.tr\/?p=33023","title":{"rendered":"Rayyan Baniya ikinci kez bunu ya\u015fad\u0131!"},"content":{"rendered":"<div>UEFA Uluslar Ligi play-off tipi r\u00f6van\u015f ma\u00e7\u0131nda yar\u0131n Macaristan&#8217;la kar\u015f\u0131la\u015facak olan, tak\u0131mda cezal\u0131 ve sakat oyuncular\u0131 bulunan A Ulusal Grup, \u0130talya&#8217;da Palermo formas\u0131 giyen Rayyan Baniya&#8217;y\u0131 tak\u0131m\u0131na dahil edildi. Rayyan Baniya, ikinci sefer A Ulusal Grup kamp\u0131na kat\u0131ld\u0131.<\/p>\n<p> Beninli bir baba ile T\u00fcrk bir annenin \u00e7ocu\u011fu olarak 1999&#8217;da \u0130talya&#8217;n\u0131n Bologna kentinde do\u011fan ve yeniden 2018 y\u0131l\u0131nda \u0130talya&#8217;da Hellas Verona grubunda profesyonel mesle\u011fine ba\u015flayarak Mantova, Renate, Mantova ekiplerinde oynayan Rayyan Baniya 2021 y\u0131l\u0131nda Fatih Karag\u00fcmr\u00fck&#8217;e transfer olarak T\u00fcrkiye \u00dcst\u00fcn Ligi&#8217;ne ad\u0131m atm\u0131\u015ft\u0131.<\/p>\n<p> Stoper mevkinde dikkat \u00e7eken Baniya 2023 y\u0131l\u0131nda Trabzonspor&#8217;a transfer olarak 25 ma\u00e7ta forma giydi. 1,94 uzunlu\u011fundaki futbolcu ge\u00e7en sene Trabzonspor&#8217;dan kiral\u0131k olarak, Serie B tak\u0131mlar\u0131ndan Palermo&#8217;ya transfer oldu. Gen\u00e7 stoper Palermo formas\u0131yla 24 ma\u00e7a \u00e7\u0131karak 2 de gol kaydetti.<\/p>\n<p> Ba\u015far\u0131l\u0131 stoper gerek T\u00fcrkiye&#8217;de gerekse \u0130talya&#8217;da g\u00f6sterdi\u011fi performansla teknik y\u00f6netici Vincenzo Montella taraf\u0131ndan UEFA 2024 Avrupa \u015eampiyonas\u0131 Elemeleri&#8217;nde H\u0131rvatistan ve Letonya ma\u00e7lar\u0131 tak\u0131m\u0131na davet edilmi\u015fti.<\/p>\n<\/div>\n<p><\/p>\n","protected":false},"excerpt":{"rendered":"<p>Rayyan Baniya, ikinci defa A Mili Kadro tak\u0131m\u0131na dahil oldu.<\/p>\n","protected":false},"author":1,"featured_media":33024,"comment_status":"open","ping_status":"open","sticky":false,"template":"","format":"standard","meta":{"footnotes":""},"categories":[25],"tags":[],"class_list":["post-33023","post","type-post","status-publish","format-standard","has-post-thumbnail","hentry","category-futbol"],"_links":{"self":[{"href":"https:\/\/haberbesiktas.tr\/index.php?rest_route=\/wp\/v2\/posts\/33023","targetHints":{"allow":["GET"]}}],"collection":[{"href":"https:\/\/haberbesiktas.tr\/index.php?rest_route=\/wp\/v2\/posts"}],"about":[{"href":"https:\/\/haberbesiktas.tr\/index.php?rest_route=\/wp\/v2\/types\/post"}],"author":[{"embeddable":true,"href":"https:\/\/haberbesiktas.tr\/index.php?rest_route=\/wp\/v2\/users\/1"}],"replies":[{"embeddable":true,"href":"https:\/\/haberbesiktas.tr\/index.php?rest_route=%2Fwp%2Fv2%2Fcomments&post=33023"}],"version-history":[{"count":1,"href":"https:\/\/haberbesiktas.tr\/index.php?rest_route=\/wp\/v2\/posts\/33023\/revisions"}],"predecessor-version":[{"id":33025,"href":"https:\/\/haberbesiktas.tr\/index.php?rest_route=\/wp\/v2\/posts\/33023\/revisions\/33025"}],"wp:featuredmedia":[{"embeddable":true,"href":"https:\/\/haberbesiktas.tr\/index.php?rest_route=\/wp\/v2\/media\/33024"}],"wp:attachment":[{"href":"https:\/\/haberbesiktas.tr\/index.php?rest_route=%2Fwp%2Fv2%2Fmedia&parent=33023"}],"wp:term":[{"taxonomy":"category","embeddable":true,"href":"https:\/\/haberbesiktas.tr\/index.php?rest_route=%2Fwp%2Fv2%2Fcategories&post=33023"},{"taxonomy":"post_tag","embeddable":true,"href":"https:\/\/haberbesiktas.tr\/index.php?rest_route=%2Fwp%2Fv2%2Ftags&post=33023"}],"curies":[{"name":"wp","href":"https:\/\/api.w.org\/{rel}","templated":true}]}}