{"id":33026,"date":"2025-05-22T04:36:19","date_gmt":"2025-05-22T04:36:19","guid":{"rendered":"https:\/\/haberbesiktas.tr\/?p=33026"},"modified":"2025-05-22T04:36:19","modified_gmt":"2025-05-22T04:36:19","slug":"milli-takimda-kaan-ayhan-ve-merih-demiral-idmana-cikmadi","status":"publish","type":"post","link":"https:\/\/haberbesiktas.tr\/?p=33026","title":{"rendered":"Milli Tak\u0131m&#8217;da Kaan Ayhan ve Merih Demiral idmana \u00e7\u0131kmad\u0131"},"content":{"rendered":"<div>\n<div> UEFA Uluslar Ligi A\/B play-off tipi r\u00f6van\u015f ma\u00e7\u0131nda pazar g\u00fcn\u00fc Macaristan&#8217;a konuk olacak A Ulusal Futbol Ekibi, haz\u0131rl\u0131klar\u0131n\u0131 tamamlad\u0131.<\/p>\n<p> TFF Hasan Do\u011fan Ulusal Ekipler Kamp ve E\u011fitim Tesisleri&#8217;nde teknik y\u00f6netici Vincenzo Montella idaresinde birinci 15 dakikas\u0131 bas\u0131n mensuplar\u0131na a\u00e7\u0131k ger\u00e7ekle\u015ftirilen idman, \u0131s\u0131nma hareketleriyle ba\u015flad\u0131. 5&#8217;e 2 top kapma \u00e7al\u0131\u015fmas\u0131yla devam eden antrenman\u0131n taktik tertipleriyle tamamland\u0131\u011f\u0131 belirtildi.<\/p>\n<p> Vincenzo Montella, idman \u00f6ncesi oyuncularla k\u0131sa bir toplant\u0131 yapt\u0131. Ulusal kadroda Kaan Ayhan ve Merih Demiral, sakatl\u0131\u011f\u0131 sebebiyle antrenmanda yer almad\u0131.<\/p><\/div>\n<\/div>\n<p><\/p>\n","protected":false},"excerpt":{"rendered":"<p>A Ulusal Ekip&#8217;te Kaan Ayhan ile Merih Demiral, sakatl\u0131\u011f\u0131 sebebiyle idmana kat\u0131lmad\u0131.<\/p>\n","protected":false},"author":1,"featured_media":33027,"comment_status":"open","ping_status":"open","sticky":false,"template":"","format":"standard","meta":{"footnotes":""},"categories":[25],"tags":[],"class_list":["post-33026","post","type-post","status-publish","format-standard","has-post-thumbnail","hentry","category-futbol"],"_links":{"self":[{"href":"https:\/\/haberbesiktas.tr\/index.php?rest_route=\/wp\/v2\/posts\/33026","targetHints":{"allow":["GET"]}}],"collection":[{"href":"https:\/\/haberbesiktas.tr\/index.php?rest_route=\/wp\/v2\/posts"}],"about":[{"href":"https:\/\/haberbesiktas.tr\/index.php?rest_route=\/wp\/v2\/types\/post"}],"author":[{"embeddable":true,"href":"https:\/\/haberbesiktas.tr\/index.php?rest_route=\/wp\/v2\/users\/1"}],"replies":[{"embeddable":true,"href":"https:\/\/haberbesiktas.tr\/index.php?rest_route=%2Fwp%2Fv2%2Fcomments&post=33026"}],"version-history":[{"count":1,"href":"https:\/\/haberbesiktas.tr\/index.php?rest_route=\/wp\/v2\/posts\/33026\/revisions"}],"predecessor-version":[{"id":33028,"href":"https:\/\/haberbesiktas.tr\/index.php?rest_route=\/wp\/v2\/posts\/33026\/revisions\/33028"}],"wp:featuredmedia":[{"embeddable":true,"href":"https:\/\/haberbesiktas.tr\/index.php?rest_route=\/wp\/v2\/media\/33027"}],"wp:attachment":[{"href":"https:\/\/haberbesiktas.tr\/index.php?rest_route=%2Fwp%2Fv2%2Fmedia&parent=33026"}],"wp:term":[{"taxonomy":"category","embeddable":true,"href":"https:\/\/haberbesiktas.tr\/index.php?rest_route=%2Fwp%2Fv2%2Fcategories&post=33026"},{"taxonomy":"post_tag","embeddable":true,"href":"https:\/\/haberbesiktas.tr\/index.php?rest_route=%2Fwp%2Fv2%2Ftags&post=33026"}],"curies":[{"name":"wp","href":"https:\/\/api.w.org\/{rel}","templated":true}]}}