{"id":33029,"date":"2025-05-22T04:48:20","date_gmt":"2025-05-22T04:48:20","guid":{"rendered":"https:\/\/haberbesiktas.tr\/?p=33029"},"modified":"2025-05-22T04:48:20","modified_gmt":"2025-05-22T04:48:20","slug":"montella-24-farkli-oyuncudan-skor-katkisi-aldi","status":"publish","type":"post","link":"https:\/\/haberbesiktas.tr\/?p=33029","title":{"rendered":"Montella, 24 farkl\u0131 oyuncudan skor katk\u0131s\u0131 ald\u0131!"},"content":{"rendered":"<div>A Ulusal Grup Teknik Y\u00f6neticisi Vincenzo Montella, misyona ba\u015flad\u0131\u011f\u0131 g\u00fcnden bu yana bilhassa santrfor kullanmad\u0131\u011f\u0131na y\u00f6nelik tenkitler ald\u0131.<\/p>\n<p> Bu g\u00f6r\u00fc\u015fe &#8220;Bizde herkes gol at\u0131yor&#8221; kar\u015f\u0131l\u0131\u011f\u0131n\u0131 veren \u0130talyan \u00e7al\u0131\u015ft\u0131r\u0131c\u0131n\u0131n bu kelam\u0131 istatistiklerle de g\u00f6zler \u00f6n\u00fcne seriliyor.<\/p>\n<p> Montella periyodunda 20 ma\u00e7ta 31 gol bulan millilerimizde bu skorlar\u0131 24 farkl\u0131 oyuncu kaydetti. Ay-Y\u0131ld\u0131zl\u0131lar&#8217;da, Montella&#8217;n\u0131n vazifeye ba\u015flad\u0131\u011f\u0131 g\u00fcnden bug\u00fcne dek 17 futbolcu gol atma ba\u015far\u0131s\u0131 g\u00f6sterdi.<\/p>\n<p> Tepede, a\u011flar\u0131 7 sefer sarsan Kerem Akt\u00fcrko\u011flu bulunuyor. Asistlerin ba\u015f\u0131n\u0131 ise arkada\u015flar\u0131na 4 gol att\u0131ran Kenan Y\u0131ld\u0131z \u00e7ekti.<\/p>\n<p> <strong>MACARLARIN UMUDU KIRILDI!<\/strong><\/p>\n<p> T\u00fcrkiye&#8217;nin 3-1&#8217;lik zaferi, Macar bas\u0131n\u0131nda geni\u015f yer buldu. Art\u0131k A Ligi bahtlar\u0131n\u0131n bir epey azald\u0131\u011f\u0131n\u0131n alt\u0131n\u0131 \u00e7izen Macar bas\u0131n\u0131ndan \u00f6ne \u00e7\u0131kanlar \u015f\u00f6yle:<\/p>\n<p> <strong>VALOGATOTT:<\/strong> &#8220;\u0130kili gayretlerin bir\u00e7oklar\u0131n\u0131 (62%) biz kazand\u0131k lakin alanda T\u00fcrk iradesi galip geldi.&#8221;<\/p>\n<p> <strong>SPORTAL:<\/strong> &#8220;Hedef, net ve tesirli bir hamle oyunuyla ortaya \u00e7\u0131k\u0131p ma\u00e7\u0131 \u00e7evirmek olacak&#8221;<\/p>\n<p> <strong>NEMZETISPORT:<\/strong> &#8220;T\u00fcrkiye, en g\u00fc\u00e7l\u00fc tak\u0131m\u0131yla alana \u00e7\u0131kamad\u0131. Buna kar\u015f\u0131n, T\u00fcrkler tak\u0131m yap\u0131s\u0131 prestijiyle daha g\u00fc\u00e7l\u00fc g\u00f6r\u00fcnd\u00fc.&#8221;<\/p>\n<p> <strong>SPORTS365:<\/strong> &#8220;Kimin y\u00fckselece\u011fi pazar g\u00fcn\u00fc Budape\u015fte&#8217;de oynanacak r\u00f6van\u015f ma\u00e7\u0131nda muhakkak olacak&#8221;<\/p>\n<p> <strong>MAGYARNEMZET:<\/strong> &#8220;Dominik Szoboszlai&#8217;nin \u0130stanbul&#8217;da yedek olarak oyuna giren oyunculardan \u015fad olmad\u0131\u011f\u0131n\u0131 d\u00fc\u015f\u00fcn\u00fcyoruz.&#8221;<\/p>\n<p> <strong>HIDDINK&#8217;E YET\u0130\u015e\u0130YOR<\/strong><\/p>\n<p> Montella, A Ulusal Kadro&#8217;nun ba\u015f\u0131nda 5 i\u00e7 saha ma\u00e7\u0131nda da yenilmedi, 4 sefer kazan\u0131p 1 beraberlik ald\u0131. \u0130talyan hoca, Guus Hiddink&#8217;in 6 ma\u00e7l\u0131k serisi sonras\u0131nda 5 ma\u00e7l\u0131k baraja ula\u015fan ikinci isim oldu.\u00a0<\/p>\n<div>\u00a0<\/div>\n<\/div>\n<p><\/p>\n","protected":false},"excerpt":{"rendered":"<p>\u0130talyan \u00e7al\u0131\u015ft\u0131r\u0131c\u0131 periyodunda 20 ma\u00e7ta 31 gol at\u0131l\u0131rken 24 farkl\u0131 oyuncu gol ve asist katk\u0131s\u0131 yapt\u0131. Skor y\u00fck\u00fcn\u00fc art\u0131k yaln\u0131zca santrfor ve 10 numaralar de\u011fil t\u00fcm tak\u0131m birlikte \u00e7ekiyor.<\/p>\n","protected":false},"author":1,"featured_media":33030,"comment_status":"open","ping_status":"open","sticky":false,"template":"","format":"standard","meta":{"footnotes":""},"categories":[25],"tags":[],"class_list":["post-33029","post","type-post","status-publish","format-standard","has-post-thumbnail","hentry","category-futbol"],"_links":{"self":[{"href":"https:\/\/haberbesiktas.tr\/index.php?rest_route=\/wp\/v2\/posts\/33029","targetHints":{"allow":["GET"]}}],"collection":[{"href":"https:\/\/haberbesiktas.tr\/index.php?rest_route=\/wp\/v2\/posts"}],"about":[{"href":"https:\/\/haberbesiktas.tr\/index.php?rest_route=\/wp\/v2\/types\/post"}],"author":[{"embeddable":true,"href":"https:\/\/haberbesiktas.tr\/index.php?rest_route=\/wp\/v2\/users\/1"}],"replies":[{"embeddable":true,"href":"https:\/\/haberbesiktas.tr\/index.php?rest_route=%2Fwp%2Fv2%2Fcomments&post=33029"}],"version-history":[{"count":1,"href":"https:\/\/haberbesiktas.tr\/index.php?rest_route=\/wp\/v2\/posts\/33029\/revisions"}],"predecessor-version":[{"id":33031,"href":"https:\/\/haberbesiktas.tr\/index.php?rest_route=\/wp\/v2\/posts\/33029\/revisions\/33031"}],"wp:featuredmedia":[{"embeddable":true,"href":"https:\/\/haberbesiktas.tr\/index.php?rest_route=\/wp\/v2\/media\/33030"}],"wp:attachment":[{"href":"https:\/\/haberbesiktas.tr\/index.php?rest_route=%2Fwp%2Fv2%2Fmedia&parent=33029"}],"wp:term":[{"taxonomy":"category","embeddable":true,"href":"https:\/\/haberbesiktas.tr\/index.php?rest_route=%2Fwp%2Fv2%2Fcategories&post=33029"},{"taxonomy":"post_tag","embeddable":true,"href":"https:\/\/haberbesiktas.tr\/index.php?rest_route=%2Fwp%2Fv2%2Ftags&post=33029"}],"curies":[{"name":"wp","href":"https:\/\/api.w.org\/{rel}","templated":true}]}}