{"id":33032,"date":"2025-05-22T05:00:20","date_gmt":"2025-05-22T05:00:20","guid":{"rendered":"https:\/\/haberbesiktas.tr\/?p=33032"},"modified":"2025-05-22T05:00:20","modified_gmt":"2025-05-22T05:00:20","slug":"serdal-adalidan-solskjaere-mesaj-kara-bulutlari-dagitin","status":"publish","type":"post","link":"https:\/\/haberbesiktas.tr\/?p=33032","title":{"rendered":"Serdal Adal\u0131&#8217;dan Solskjaer&#8217;e mesaj: &#8220;Kara bulutlar\u0131 da\u011f\u0131t\u0131n&#8221;"},"content":{"rendered":"<div>\n<p>Trendyol S\u00fcper Lig&#8217;de pe\u015f pe\u015fe 2 yenilgi alarak taraftar\u0131n\u0131 \u00fczen Siyah-Beyazl\u0131lar, ulusal orta sonras\u0131ndaki Galatasaray derbisine kilitlendi. Siyah-Beyazl\u0131lar, Cimbom&#8217;u yenerek ligde yeni bir \u00e7\u0131k\u0131\u015f yakalamak istiyor.<\/p>\n<p><strong>&#8220;\u00dcZER\u0130M\u0130ZDEK\u0130 KARA BULUTLARI DA\u011eITALIM&#8221;<\/strong><\/p>\n<p> Bunun \u00fczerine Lider Serdal Adal\u0131&#8217;n\u0131n Teknik Y\u00f6netici Ole Gunnar Solskjaer ile \u00f6zel bir g\u00f6r\u00fc\u015fme ger\u00e7ekle\u015ftirdi\u011fi \u00f6\u011frenildi. Ger\u00e7ekle\u015fen tepede Adal\u0131&#8217;n\u0131n Norve\u00e7li hocaya<strong> &#8220;Bu ma\u00e7\u0131 alal\u0131m ve \u00fczerimizdeki kara bulutlar\u0131 da\u011f\u0131tal\u0131m. Grup birinci geldi\u011fin g\u00fcn \u00fczere olsun&#8221;<\/strong> kelamlar\u0131n\u0131 sarf etti\u011fi aktar\u0131ld\u0131. 29 Mart tarihinde oynanacak dev derbiye kurtulu\u015f g\u00f6z\u00fcyle bak\u0131l\u0131rken Ole&#8217;nin yeni planlar i\u00e7inde oldu\u011fu da gelen bilgiler aras\u0131nda.<\/p>\n<p> Ligde \u00fcst \u00fcste al\u0131nan iki ma\u011flubiyetin akabinde sona eren bahar havas\u0131n\u0131 tekrar getirmeyi planlayan Solskjaer&#8217;in, Aslan kar\u015f\u0131s\u0131nda tak\u0131mda de\u011ferli bir revizyon yapmas\u0131 bekleniyor. Konya ma\u00e7\u0131nda sakatlanan Uduokhai&#8217;nin yerine formay\u0131 Emirhan&#8217;\u0131n alaca\u011f\u0131 konu\u015fulurken Solskjaer&#8217;in ba\u015far\u0131l\u0131 oyuncuyu b\u00fcsb\u00fct\u00fcn derbiye odaklanmas\u0131 konusunda uyard\u0131\u011f\u0131 belirtildi. Be\u015fikta\u015f Ba\u015fkan\u0131 Serdal Adal\u0131, Galatasaray derbisini \u00e7ok \u00f6nemsiyor. Siyah-Beyazl\u0131 toplulukta bu ma\u00e7a kurtulu\u015f g\u00f6z\u00fcyle bak\u0131l\u0131yor.\u00a0<\/p>\n<div>\u00a0<\/div>\n<\/div>\n<p><\/p>\n","protected":false},"excerpt":{"rendered":"<p>Be\u015fikta\u015f Kul\u00fcb\u00fc Lideri Serdal Adal\u0131, teknik y\u00f6netici Ole Gunanr Solskjaer ile \u00f6zel g\u00f6r\u00fc\u015ferek Galatasaray ma\u00e7\u0131n\u0131n k\u0131ymetini vurgulad\u0131.<\/p>\n","protected":false},"author":1,"featured_media":33033,"comment_status":"open","ping_status":"open","sticky":false,"template":"","format":"standard","meta":{"footnotes":""},"categories":[25],"tags":[],"class_list":["post-33032","post","type-post","status-publish","format-standard","has-post-thumbnail","hentry","category-futbol"],"_links":{"self":[{"href":"https:\/\/haberbesiktas.tr\/index.php?rest_route=\/wp\/v2\/posts\/33032","targetHints":{"allow":["GET"]}}],"collection":[{"href":"https:\/\/haberbesiktas.tr\/index.php?rest_route=\/wp\/v2\/posts"}],"about":[{"href":"https:\/\/haberbesiktas.tr\/index.php?rest_route=\/wp\/v2\/types\/post"}],"author":[{"embeddable":true,"href":"https:\/\/haberbesiktas.tr\/index.php?rest_route=\/wp\/v2\/users\/1"}],"replies":[{"embeddable":true,"href":"https:\/\/haberbesiktas.tr\/index.php?rest_route=%2Fwp%2Fv2%2Fcomments&post=33032"}],"version-history":[{"count":1,"href":"https:\/\/haberbesiktas.tr\/index.php?rest_route=\/wp\/v2\/posts\/33032\/revisions"}],"predecessor-version":[{"id":33034,"href":"https:\/\/haberbesiktas.tr\/index.php?rest_route=\/wp\/v2\/posts\/33032\/revisions\/33034"}],"wp:featuredmedia":[{"embeddable":true,"href":"https:\/\/haberbesiktas.tr\/index.php?rest_route=\/wp\/v2\/media\/33033"}],"wp:attachment":[{"href":"https:\/\/haberbesiktas.tr\/index.php?rest_route=%2Fwp%2Fv2%2Fmedia&parent=33032"}],"wp:term":[{"taxonomy":"category","embeddable":true,"href":"https:\/\/haberbesiktas.tr\/index.php?rest_route=%2Fwp%2Fv2%2Fcategories&post=33032"},{"taxonomy":"post_tag","embeddable":true,"href":"https:\/\/haberbesiktas.tr\/index.php?rest_route=%2Fwp%2Fv2%2Ftags&post=33032"}],"curies":[{"name":"wp","href":"https:\/\/api.w.org\/{rel}","templated":true}]}}