{"id":33065,"date":"2025-05-22T07:12:12","date_gmt":"2025-05-22T07:12:12","guid":{"rendered":"https:\/\/haberbesiktas.tr\/?p=33065"},"modified":"2025-05-22T07:12:12","modified_gmt":"2025-05-22T07:12:12","slug":"hollandali-para-tenisci-niels-vinkten-antalyaya-ovgu","status":"publish","type":"post","link":"https:\/\/haberbesiktas.tr\/?p=33065","title":{"rendered":"Hollandal\u0131 para tenis\u00e7i Niels Vink&#8217;ten Antalya&#8217;ya \u00f6vg\u00fc"},"content":{"rendered":"<p>Quad tekerlekli sandalye kategorisinde d\u00fcnya 1 numaras\u0131 olan ve Paris 2024 Paralimpik Oyunlar\u0131&#8217;nda tekler ve \u00e7iftlerde alt\u0131n madalya kazanan Hollandal\u0131 Niels Vink, Antalya&#8217;da kat\u0131ld\u0131\u011f\u0131 tertip hakk\u0131nda &#8220;Antalya&#8217;daki turnuvada her \u015feyin \u00e7ok g\u00fczel oldu\u011funu d\u00fc\u015f\u00fcn\u00fcyorum.&#8221; dedi.<\/p>\n<p> Antalya&#8217;da d\u00fczenlenen BNP Paribas Tekerlekli Sandalye D\u00fcnya Gruplar \u015eampiyonas\u0131 Avrupa Elemeleri&#8217;nde gayret eden Vink, AA muhabirine a\u00e7\u0131klamada bulundu.<\/p>\n<p> Hollandal\u0131 sportmen, Antalya&#8217;da olmaktan memnunluk duydu\u011funu lisana getirerek, &#8220;Antalya&#8217;n\u0131n havas\u0131, otelleri, yemekleri ve tenis kortlar\u0131 ola\u011fan\u00fcst\u00fc. Yaz\u0131n T\u00fcrkiye&#8217;ye tatile geliyorum. Bir\u00e7ok vakit Side&#8217;ye geliyorum, bu y\u00fczden buray\u0131 seviyorum. Antalya&#8217;da turnuvada her \u015feyin \u00e7ok uygun oldu\u011funu d\u00fc\u015f\u00fcn\u00fcyorum. \u00c7ok fazla kort olmas\u0131 ve insanlar\u0131n yeterli bir turnuva i\u00e7in ellerinden geleni yapmalar\u0131 \u00e7ok ho\u015f.&#8221; s\u00f6zlerini kulland\u0131.<\/p>\n<p> T\u00fcrk tenis\u00e7ilerin 2028 Paralimpik Oyunlar\u0131&#8217;nda alt\u0131n madalya kazanabilece\u011fini anlatan Vink, &#8220;Bunun m\u00fcmk\u00fcn oldu\u011funu d\u00fc\u015f\u00fcn\u00fcyorum. Kategorimizde T\u00fcrkiye&#8217;den Ahmet Kaplan&#8217;\u0131n oldu\u011funu g\u00f6r\u00fcyoruz. \u015eu anda d\u00fcnya 4 numaras\u0131. Lakin d\u00fcnya 1, 2 ve 3 numaralar\u0131n\u0131 daha evvel yendi.&#8221; diye konu\u015ftu.<\/p>\n<p> Niels Vink, T\u00fcrk tenis\u00e7ilere ba\u015far\u0131l\u0131 yolunda &#8220;Sadece tad\u0131n\u0131 \u00e7\u0131kar ve elinden geldi\u011fince s\u0131k\u0131 \u00e7al\u0131\u015f.&#8221; tavsiyesinde bulundu.<\/p>\n<p> <strong>&#8220;Tekrar alt\u0131n madalya kazanabilece\u011fime inan\u0131yorum&#8221;<\/strong><\/p>\n<p> Hollandal\u0131 atlet, Paris 2024 Paralimpik Oyunlar\u0131&#8217;nda kazand\u0131\u011f\u0131 alt\u0131n madalyalar hakk\u0131nda, &#8220;Quad teklerde ve \u00e7iftlerde alt\u0131n madalya kazand\u0131m. Bu, yaln\u0131zca bacaklar\u0131nda de\u011fil kollar\u0131nda da engelli oyuncular i\u00e7in bir kategori. Bu r\u00fcyay\u0131 ger\u00e7ekle\u015ftirmek i\u00e7in idmanlarda ve turnuvalarda \u00e7ok \u00e7al\u0131\u015ft\u0131m.&#8221; formunda g\u00f6r\u00fc\u015f belirtti.<\/p>\n<p> Niels Vink, Los Angeles&#8217;taki 2028 Paralimpik Oyunlar\u0131&#8217;ndaki maksad\u0131 hakk\u0131nda ise &#8220;Elbette tekrar alt\u0131n madalya kazanabilece\u011fime inan\u0131yorum. Ancak kazanmak i\u00e7in kendimin en yeterli versiyonu olmal\u0131y\u0131m.&#8221; s\u00f6zlerini kulland\u0131.<\/p>\n","protected":false},"excerpt":{"rendered":"<p>D\u00fcnya 1 numaras\u0131 Hollandal\u0131 para tenis\u00e7i Niels Vink a\u00e7\u0131klamalarda bulundu.<\/p>\n","protected":false},"author":1,"featured_media":33066,"comment_status":"open","ping_status":"open","sticky":false,"template":"","format":"standard","meta":{"footnotes":""},"categories":[38],"tags":[1586,2707],"class_list":["post-33065","post","type-post","status-publish","format-standard","has-post-thumbnail","hentry","category-tenis","tag-altin-madalya","tag-antalyada"],"_links":{"self":[{"href":"https:\/\/haberbesiktas.tr\/index.php?rest_route=\/wp\/v2\/posts\/33065","targetHints":{"allow":["GET"]}}],"collection":[{"href":"https:\/\/haberbesiktas.tr\/index.php?rest_route=\/wp\/v2\/posts"}],"about":[{"href":"https:\/\/haberbesiktas.tr\/index.php?rest_route=\/wp\/v2\/types\/post"}],"author":[{"embeddable":true,"href":"https:\/\/haberbesiktas.tr\/index.php?rest_route=\/wp\/v2\/users\/1"}],"replies":[{"embeddable":true,"href":"https:\/\/haberbesiktas.tr\/index.php?rest_route=%2Fwp%2Fv2%2Fcomments&post=33065"}],"version-history":[{"count":1,"href":"https:\/\/haberbesiktas.tr\/index.php?rest_route=\/wp\/v2\/posts\/33065\/revisions"}],"predecessor-version":[{"id":33067,"href":"https:\/\/haberbesiktas.tr\/index.php?rest_route=\/wp\/v2\/posts\/33065\/revisions\/33067"}],"wp:featuredmedia":[{"embeddable":true,"href":"https:\/\/haberbesiktas.tr\/index.php?rest_route=\/wp\/v2\/media\/33066"}],"wp:attachment":[{"href":"https:\/\/haberbesiktas.tr\/index.php?rest_route=%2Fwp%2Fv2%2Fmedia&parent=33065"}],"wp:term":[{"taxonomy":"category","embeddable":true,"href":"https:\/\/haberbesiktas.tr\/index.php?rest_route=%2Fwp%2Fv2%2Fcategories&post=33065"},{"taxonomy":"post_tag","embeddable":true,"href":"https:\/\/haberbesiktas.tr\/index.php?rest_route=%2Fwp%2Fv2%2Ftags&post=33065"}],"curies":[{"name":"wp","href":"https:\/\/api.w.org\/{rel}","templated":true}]}}