{"id":33116,"date":"2025-05-22T10:36:24","date_gmt":"2025-05-22T10:36:24","guid":{"rendered":"https:\/\/haberbesiktas.tr\/?p=33116"},"modified":"2025-05-22T10:36:24","modified_gmt":"2025-05-22T10:36:24","slug":"marco-rossi-turkiyede-herkes-futbol-uzmani","status":"publish","type":"post","link":"https:\/\/haberbesiktas.tr\/?p=33116","title":{"rendered":"Marco Rossi: &#8220;T\u00fcrkiye&#8217;de herkes futbol uzman\u0131&#8221;"},"content":{"rendered":"<div>Macaristan Ulusal Futbol Kadrosu Teknik Y\u00f6neticisi Marco Rossi, UEFA Uluslar Ligi A\/B play-off tipi r\u00f6van\u015f\u0131nda yar\u0131n T\u00fcrkiye ile yapacaklar\u0131 ma\u00e7\u0131 kazanarak A Ligi&#8217;nde kalmak i\u00e7in t\u00fcm g\u00fc\u00e7lerini alana yans\u0131tacaklar\u0131n\u0131 s\u00f6yledi.<\/p>\n<p> Marco Rossi, ba\u015f\u015fehir Budape\u015fte&#8217;deki ulusal ekip tesislerinde ger\u00e7ekle\u015ftirilen bas\u0131n toplant\u0131s\u0131na orta saha oyuncular\u0131ndan Balint Vecsei ile kat\u0131ld\u0131.<\/p>\n<p><strong>&#8220;\u00c7OK YETENEKL\u0130 B\u0130R TAKIMLARI VAR&#8221;<\/strong><\/p>\n<p> T\u00fcrkiye ile ge\u00e7en y\u0131l bir haz\u0131rl\u0131k ma\u00e7\u0131 yapt\u0131klar\u0131n\u0131 hat\u0131rlatan Rossi, <strong>&#8220;O vakitten bu yana T\u00fcrk Ulusal Grubu \u00e7ok b\u00fcy\u00fck bir geli\u015fim g\u00f6sterdi. \u00c7ok yetenekli bir tak\u0131ma sahipler, g\u00fcnden g\u00fcne geli\u015fiyorlar. Onlara D\u00fcnya Kupas\u0131 elemelerinde muvaffakiyetler diliyorum. Biz yar\u0131nki ma\u00e7a odaklan\u0131yoruz. Tak\u0131m derinli\u011fi konusunda T\u00fcrkiye daha avantajl\u0131. T\u00fcrk Ulusal Grubu kadar fazla milletleraras\u0131 seviyede tan\u0131nm\u0131\u015f oyuncumuz yok. Yar\u0131nki ma\u00e7ta kazanmak i\u00e7in elimizden geleni yapmam\u0131z gerek. Neredeyse yan\u0131lg\u0131s\u0131z bir performans g\u00f6stermeliyiz. T\u00fcrkiye ma\u00e7\u0131ndan sonra iki haz\u0131rl\u0131k ma\u00e7\u0131m\u0131z daha var. Sonras\u0131nda D\u00fcnya Kupas\u0131 elemlerine ba\u015flayaca\u011f\u0131z. Birinci ma\u00e7\u0131m\u0131z\u0131 \u0130rlanda ile oynayaca\u011f\u0131z, o ma\u00e7\u0131 da kazanmak istiyoruz. Bunun i\u00e7in en odakl\u0131 bi\u00e7imde alana \u00e7\u0131kmam\u0131z gerekiyor.&#8221;<\/strong> diye konu\u015ftu.<\/p>\n<p><strong>&#8220;Sallai i\u00e7in son bir k\u0131ymetlendirme yapaca\u011f\u0131z&#8221;<\/strong><\/p>\n<p> Marco Rossi, birinci ma\u00e7ta sakatl\u0131\u011f\u0131 sebebiyle forma giyemeyen Galatasarayl\u0131 futbolcu Roland Sallai hakk\u0131nda, <strong>&#8220;Sallai i\u00e7in son bir k\u0131ymetlendirme yapaca\u011f\u0131z. Ona nazaran karar verece\u011fiz, yaln\u0131z tek karar veren ki\u015fi de\u011filim. S\u0131hhat grubunun karar\u0131na nazaran alana \u00e7\u0131k\u0131p \u00e7\u0131kmayaca\u011f\u0131 belirli olacak.&#8221;<\/strong> a\u00e7\u0131klamas\u0131nda bulundu.<\/p>\n<p> \u0130talyan teknik adam, <strong>&#8220;Montella oyun sistemi nedeniyle vakit zaman T\u00fcrkiye&#8217;de ele\u015ftirildi. Lakin her ge\u00e7en g\u00fcn geli\u015fen bir T\u00fcrk Ulusal Grubu var. Siz onu yak\u0131ndan biri olarak Montella&#8217;n\u0131n performans\u0131n\u0131 nas\u0131l de\u011ferlendirirsiniz?&#8221;<\/strong> bi\u00e7imindeki soruyu \u015f\u00f6yle yan\u0131tlad\u0131:<\/p>\n<p> <strong>&#8220;Sizin sorunuz sonras\u0131nda birinci akl\u0131ma gelen \u015fey Macaristan&#8217;da da herkes futbol uzman\u0131. 10 milyon futbol uzman\u0131n\u0131n \u00fclkesiyiz. T\u00fcrkiye&#8217;de de herkes kendini futbol uzman\u0131 san\u0131yor. Vincenzo konusunda \u015funu s\u00f6yleyebilirim; o \u00e7ok deneyimli bir teknik adam, dayan\u0131lmaz bir i\u015f yap\u0131yor. Ona vakit zaman gelen tenkitler bence hakl\u0131 de\u011fil, zira Montella \u00e7ok \u00f6nemli muvaffakiyetler elde etti. Avrupa \u015eampiyonas\u0131&#8217;nda da T\u00fcrkiye s\u00fcrpriz bir kadro olarak \u00e7eyrek finale kadar ula\u015ft\u0131. Ona muvaffakiyetler dilerim.&#8221;<\/strong><\/p>\n<p> Rossi, ma\u00e7 takviminin yo\u011funlu\u011fu hakk\u0131nda ise,<strong> &#8220;Takvim hem gruplar hem de ulusal gruplar i\u00e7in daha a\u011f\u0131r olmaya ba\u015flad\u0131. Bu oyuncular\u0131n performans\u0131n\u0131 da etkiliyor. Ulusal gruplara haz\u0131rlanmak i\u00e7in gerekli vakit kalm\u0131yor. Bu takvimlerin yo\u011funlu\u011fu hi\u00e7 azalmayacak \u00fczere. Macaristan&#8217;\u0131n y\u0131lda ortalama 10 ma\u00e7\u0131 var. Oyuncular\u0131m\u0131z\u0131n s\u0131hhat durumu riskli olabilir. Uygun performans g\u00f6sterme bahtlar\u0131 yok. \u015eampiyonlar Ligi&#8217;ne bakt\u0131\u011f\u0131m\u0131zda yeni sistemde daha fazla ma\u00e7 oynanacak.<\/strong>&#8221; de\u011ferlendirmesinde bulundu.<\/p>\n<p> Macar futbolcu Balint Vecsei ise <strong>&#8220;\u0130stanbul&#8217;da oynad\u0131\u011f\u0131m\u0131z ma\u00e7\u0131n tahlilini yapt\u0131k. Onunla ilgili gerekli mevzularda her sorunu ortam\u0131zda tart\u0131\u015ft\u0131k. Yar\u0131nki ma\u00e7ta \u00fc\u00e7 de\u011ferli bahis var, \u00fc\u00e7 alanda geli\u015fmemiz gerek. Birinci olarak topu daha \u00e7ok aya\u011f\u0131m\u0131zda tutmam\u0131z gerekiyor. \u0130kinci mevzu \u0130stanbul&#8217;da rakibimize \u00e7ok fazla konum verdik, T\u00fcrk Ulusal Kadrosu&#8217;nun gol konumlar\u0131n\u0131 azaltmal\u0131y\u0131z. Son olarak da hem defansta hem de hamlede daha tesirli ve odakl\u0131 olmam\u0131z gerekiyor.<\/strong>&#8221; s\u00f6zlerini kulland\u0131.<\/p>\n<\/div>\n<p><\/p>\n","protected":false},"excerpt":{"rendered":"<p>Macaristan A Ulusal Grubu Teknik Y\u00f6neticisi Marco Rossi, pazar g\u00fcn\u00fc oynanacak T\u00fcrkiye ma\u00e7\u0131 \u00f6ncesi a\u00e7\u0131klamalarda bulundu.<\/p>\n","protected":false},"author":1,"featured_media":0,"comment_status":"open","ping_status":"open","sticky":false,"template":"","format":"standard","meta":{"footnotes":""},"categories":[25],"tags":[172,50,145,222,54],"class_list":["post-33116","post","type-post","status-publish","format-standard","hentry","category-futbol","tag-futbol","tag-mac","tag-milli-takim","tag-turkiye","tag-zaman"],"_links":{"self":[{"href":"https:\/\/haberbesiktas.tr\/index.php?rest_route=\/wp\/v2\/posts\/33116","targetHints":{"allow":["GET"]}}],"collection":[{"href":"https:\/\/haberbesiktas.tr\/index.php?rest_route=\/wp\/v2\/posts"}],"about":[{"href":"https:\/\/haberbesiktas.tr\/index.php?rest_route=\/wp\/v2\/types\/post"}],"author":[{"embeddable":true,"href":"https:\/\/haberbesiktas.tr\/index.php?rest_route=\/wp\/v2\/users\/1"}],"replies":[{"embeddable":true,"href":"https:\/\/haberbesiktas.tr\/index.php?rest_route=%2Fwp%2Fv2%2Fcomments&post=33116"}],"version-history":[{"count":1,"href":"https:\/\/haberbesiktas.tr\/index.php?rest_route=\/wp\/v2\/posts\/33116\/revisions"}],"predecessor-version":[{"id":33117,"href":"https:\/\/haberbesiktas.tr\/index.php?rest_route=\/wp\/v2\/posts\/33116\/revisions\/33117"}],"wp:attachment":[{"href":"https:\/\/haberbesiktas.tr\/index.php?rest_route=%2Fwp%2Fv2%2Fmedia&parent=33116"}],"wp:term":[{"taxonomy":"category","embeddable":true,"href":"https:\/\/haberbesiktas.tr\/index.php?rest_route=%2Fwp%2Fv2%2Fcategories&post=33116"},{"taxonomy":"post_tag","embeddable":true,"href":"https:\/\/haberbesiktas.tr\/index.php?rest_route=%2Fwp%2Fv2%2Ftags&post=33116"}],"curies":[{"name":"wp","href":"https:\/\/api.w.org\/{rel}","templated":true}]}}