{"id":33169,"date":"2025-05-22T14:12:19","date_gmt":"2025-05-22T14:12:19","guid":{"rendered":"https:\/\/haberbesiktas.tr\/?p=33169"},"modified":"2025-05-22T14:12:19","modified_gmt":"2025-05-22T14:12:19","slug":"trabzonspordan-sakatlik-aciklamasi-batagov","status":"publish","type":"post","link":"https:\/\/haberbesiktas.tr\/?p=33169","title":{"rendered":"Trabzonspor&#8217;dan sakatl\u0131k a\u00e7\u0131klamas\u0131: Batagov"},"content":{"rendered":"<div>Trabzonspor, Ukraynal\u0131 stoperi Arseniy Batagov&#8217;un sol \u00fcst i\u00e7 adalesinde yaralanma tespit edildi\u011fini duyurdu.<\/p>\n<p> Kul\u00fcp Sa\u011fl\u0131k Kurulu Lideri Ahmet Be\u015fir, Arseniy Batagov&#8217;un s\u0131hhat durumuyla ilgili a\u00e7\u0131klamada bulundu.<\/p>\n<p> Be\u015fir, &#8220;Ukranya 21 Ya\u015f Alt\u0131 Ulusal Grubu kamp\u0131nda sakatlanan futbol A Ekip oyuncumuz Arseniy Batagov&#8217;un muayene ve MR g\u00f6r\u00fcnt\u00fclemesi sonucunda sol \u00fcst i\u00e7 adalesinde yaralanma tespit edilmi\u015ftir. Oyuncumuzun tedavisine s\u0131hhat grubumuzca ba\u015flan\u0131lm\u0131\u015ft\u0131r.&#8221; dedi.<\/p>\n<\/div>\n<p><\/p>\n","protected":false},"excerpt":{"rendered":"<p>Trabzonspor&#8217;dan Batagov&#8217;un s\u0131hhat durumuna dair a\u00e7\u0131klama yapt\u0131.<\/p>\n","protected":false},"author":1,"featured_media":33170,"comment_status":"open","ping_status":"open","sticky":false,"template":"","format":"standard","meta":{"footnotes":""},"categories":[25],"tags":[],"class_list":["post-33169","post","type-post","status-publish","format-standard","has-post-thumbnail","hentry","category-futbol"],"_links":{"self":[{"href":"https:\/\/haberbesiktas.tr\/index.php?rest_route=\/wp\/v2\/posts\/33169","targetHints":{"allow":["GET"]}}],"collection":[{"href":"https:\/\/haberbesiktas.tr\/index.php?rest_route=\/wp\/v2\/posts"}],"about":[{"href":"https:\/\/haberbesiktas.tr\/index.php?rest_route=\/wp\/v2\/types\/post"}],"author":[{"embeddable":true,"href":"https:\/\/haberbesiktas.tr\/index.php?rest_route=\/wp\/v2\/users\/1"}],"replies":[{"embeddable":true,"href":"https:\/\/haberbesiktas.tr\/index.php?rest_route=%2Fwp%2Fv2%2Fcomments&post=33169"}],"version-history":[{"count":1,"href":"https:\/\/haberbesiktas.tr\/index.php?rest_route=\/wp\/v2\/posts\/33169\/revisions"}],"predecessor-version":[{"id":33171,"href":"https:\/\/haberbesiktas.tr\/index.php?rest_route=\/wp\/v2\/posts\/33169\/revisions\/33171"}],"wp:featuredmedia":[{"embeddable":true,"href":"https:\/\/haberbesiktas.tr\/index.php?rest_route=\/wp\/v2\/media\/33170"}],"wp:attachment":[{"href":"https:\/\/haberbesiktas.tr\/index.php?rest_route=%2Fwp%2Fv2%2Fmedia&parent=33169"}],"wp:term":[{"taxonomy":"category","embeddable":true,"href":"https:\/\/haberbesiktas.tr\/index.php?rest_route=%2Fwp%2Fv2%2Fcategories&post=33169"},{"taxonomy":"post_tag","embeddable":true,"href":"https:\/\/haberbesiktas.tr\/index.php?rest_route=%2Fwp%2Fv2%2Ftags&post=33169"}],"curies":[{"name":"wp","href":"https:\/\/api.w.org\/{rel}","templated":true}]}}