{"id":33324,"date":"2025-05-23T01:00:20","date_gmt":"2025-05-23T01:00:20","guid":{"rendered":"https:\/\/haberbesiktas.tr\/?p=33324"},"modified":"2025-05-23T01:00:20","modified_gmt":"2025-05-23T01:00:20","slug":"olcay-sahan-futbola-geri-dondu","status":"publish","type":"post","link":"https:\/\/haberbesiktas.tr\/?p=33324","title":{"rendered":"Olcay \u015eahan, futbola geri d\u00f6nd\u00fc"},"content":{"rendered":"<div>2021 y\u0131l\u0131nda futbolu b\u0131rakan ve son olarak Alt\u0131nordu&#8217;da teknik y\u00f6neticilik yapan 37 ya\u015f\u0131ndaki Olcay \u015eahan, futbola geri d\u00f6nme karar\u0131 ald\u0131. <\/p>\n<p>Teknik y\u00f6neticilik tecr\u00fcbesi sonras\u0131 ye\u015fil alanlara d\u00f6nen Olcay \u015eahan, Almanya grubu TSV Eller 04 ile mukavele imzalad\u0131.<\/p>\n<p><strong>OYUNCUNUN KAR\u0130YER\u0130<\/p>\n<p><\/strong>Kariyerinde Be\u015fikta\u015f ve Trabzonspor \u00fczere b\u00fcy\u00fck kul\u00fcplerin formas\u0131n\u0131 giyen 37 ya\u015f\u0131ndaki futbolcu, 590 ma\u00e7a \u00e7\u0131kt\u0131 ve 96 gol, 78 asist kaydetti. Mesle\u011findeki tek kupas\u0131n\u0131 ise 2015\/2016 sezonunda S\u00fcper Lig&#8217;de Be\u015fikta\u015f ile kazand\u0131.<\/div>\n<p><\/p>\n","protected":false},"excerpt":{"rendered":"<p>Olcay \u015eahan, 2021 y\u0131l\u0131nda b\u0131rakt\u0131\u011f\u0131 futbola, 2025 y\u0131l\u0131nda Almanya tak\u0131m\u0131 TSV Eller 04 ile futbola geri d\u00f6nme karar\u0131 ald\u0131.<\/p>\n","protected":false},"author":1,"featured_media":33325,"comment_status":"open","ping_status":"open","sticky":false,"template":"","format":"standard","meta":{"footnotes":""},"categories":[25],"tags":[],"class_list":["post-33324","post","type-post","status-publish","format-standard","has-post-thumbnail","hentry","category-futbol"],"_links":{"self":[{"href":"https:\/\/haberbesiktas.tr\/index.php?rest_route=\/wp\/v2\/posts\/33324","targetHints":{"allow":["GET"]}}],"collection":[{"href":"https:\/\/haberbesiktas.tr\/index.php?rest_route=\/wp\/v2\/posts"}],"about":[{"href":"https:\/\/haberbesiktas.tr\/index.php?rest_route=\/wp\/v2\/types\/post"}],"author":[{"embeddable":true,"href":"https:\/\/haberbesiktas.tr\/index.php?rest_route=\/wp\/v2\/users\/1"}],"replies":[{"embeddable":true,"href":"https:\/\/haberbesiktas.tr\/index.php?rest_route=%2Fwp%2Fv2%2Fcomments&post=33324"}],"version-history":[{"count":1,"href":"https:\/\/haberbesiktas.tr\/index.php?rest_route=\/wp\/v2\/posts\/33324\/revisions"}],"predecessor-version":[{"id":33326,"href":"https:\/\/haberbesiktas.tr\/index.php?rest_route=\/wp\/v2\/posts\/33324\/revisions\/33326"}],"wp:featuredmedia":[{"embeddable":true,"href":"https:\/\/haberbesiktas.tr\/index.php?rest_route=\/wp\/v2\/media\/33325"}],"wp:attachment":[{"href":"https:\/\/haberbesiktas.tr\/index.php?rest_route=%2Fwp%2Fv2%2Fmedia&parent=33324"}],"wp:term":[{"taxonomy":"category","embeddable":true,"href":"https:\/\/haberbesiktas.tr\/index.php?rest_route=%2Fwp%2Fv2%2Fcategories&post=33324"},{"taxonomy":"post_tag","embeddable":true,"href":"https:\/\/haberbesiktas.tr\/index.php?rest_route=%2Fwp%2Fv2%2Ftags&post=33324"}],"curies":[{"name":"wp","href":"https:\/\/api.w.org\/{rel}","templated":true}]}}