{"id":33356,"date":"2025-05-23T03:00:21","date_gmt":"2025-05-23T03:00:21","guid":{"rendered":"https:\/\/haberbesiktas.tr\/?p=33356"},"modified":"2025-05-23T03:00:21","modified_gmt":"2025-05-23T03:00:21","slug":"galatasarayda-yunus-akgunun-imza-panigi","status":"publish","type":"post","link":"https:\/\/haberbesiktas.tr\/?p=33356","title":{"rendered":"Galatasaray&#8217;da Yunus Akg\u00fcn&#8217;\u00fcn imza pani\u011fi!"},"content":{"rendered":"<div>Bu d\u00f6nem etkileyici bir performans sergileyen ve Avrupa kul\u00fcplerinin dikkatini \u00e7eken Yunus Akg\u00fcn, mevcut kontrat\u0131ndaki 11 milyon euroluk \u00e7\u0131k\u0131\u015f unsuru nedeniyle yaz aylar\u0131nda gruptan ayr\u0131labilir. <\/p>\n<p>Galatasaray \u0130daresi, oyuncunun ger\u00e7ek k\u0131ymetinin 20 milyon euronun \u00fczerinde oldu\u011funu d\u00fc\u015f\u00fcnd\u00fc\u011f\u00fcnden, bu kurallarla bir transferin kul\u00fcp i\u00e7in ziyan manas\u0131na gelece\u011fini hesapl\u0131yor.\u00a0<\/p>\n<p> <strong>MENAJER\u0130YLE G\u00d6R\u00dc\u015eMELER DEVAM EDECEK<\/strong><\/p>\n<p> Galatasaray, Bar\u0131\u015f Alper Y\u0131lmaz ve Abd\u00fclkerim Bardakc\u0131 \u00fczere Yunus Akg\u00fcn&#8217;\u00fc de art\u0131r\u0131ml\u0131 bir kontratla grupta tutmay\u0131 hedefliyor. Lakin gen\u00e7 y\u0131ld\u0131z\u0131n \u015fimdi yeni mutabakata yana\u015fmamas\u0131, idaresi s\u0131k\u0131nt\u0131 durumda b\u0131rak\u0131yor. \u00d6n\u00fcm\u00fczdeki g\u00fcnlerde Yunus&#8217;un menajeriyle bir defa daha masaya oturulmas\u0131 planlan\u0131yor.<\/p>\n<p> <strong>SAKATLIK TELA\u015eI DE VAR<\/strong><\/p>\n<p> Bu sezon ligde 6 gol, 8 asist \u00fcreten ve Avrupa&#8217;da 5 sefer a\u011flar\u0131 sarsan Yunus Akg\u00fcn, ya\u015fad\u0131\u011f\u0131 sakatl\u0131klar nedeniyle A Ulusal Grup tak\u0131m\u0131ndan \u00e7\u0131kar\u0131lm\u0131\u015ft\u0131. D\u00f6nem sonunda dizindeki sakatl\u0131k nedeniyle ameliyat olma ihtimali de bulunuyor. \u0130dare, hem oyuncunun s\u0131hhat durumunu hem de kontrat s\u00fcrecini yak\u0131ndan takip ediyor.\u00a0<\/p>\n<div>\u00a0<\/div>\n<\/div>\n<p><\/p>\n","protected":false},"excerpt":{"rendered":"<p>Galatasaray \u0130daresi, ba\u015far\u0131l\u0131 kanat oyuncusu Yunus Akg\u00fcn&#8217;\u00fc yeni kontrata ikna edemedi. Sar\u0131-k\u0131rm\u0131z\u0131l\u0131lar, gen\u00e7 futbolcunun maa\u015f\u0131n\u0131 art\u0131rarak kontrat\u0131n\u0131 yenilemek istese de \u015fimdi mutabakat sa\u011flanamad\u0131.<\/p>\n","protected":false},"author":1,"featured_media":33357,"comment_status":"open","ping_status":"open","sticky":false,"template":"","format":"standard","meta":{"footnotes":""},"categories":[25],"tags":[],"class_list":["post-33356","post","type-post","status-publish","format-standard","has-post-thumbnail","hentry","category-futbol"],"_links":{"self":[{"href":"https:\/\/haberbesiktas.tr\/index.php?rest_route=\/wp\/v2\/posts\/33356","targetHints":{"allow":["GET"]}}],"collection":[{"href":"https:\/\/haberbesiktas.tr\/index.php?rest_route=\/wp\/v2\/posts"}],"about":[{"href":"https:\/\/haberbesiktas.tr\/index.php?rest_route=\/wp\/v2\/types\/post"}],"author":[{"embeddable":true,"href":"https:\/\/haberbesiktas.tr\/index.php?rest_route=\/wp\/v2\/users\/1"}],"replies":[{"embeddable":true,"href":"https:\/\/haberbesiktas.tr\/index.php?rest_route=%2Fwp%2Fv2%2Fcomments&post=33356"}],"version-history":[{"count":1,"href":"https:\/\/haberbesiktas.tr\/index.php?rest_route=\/wp\/v2\/posts\/33356\/revisions"}],"predecessor-version":[{"id":33358,"href":"https:\/\/haberbesiktas.tr\/index.php?rest_route=\/wp\/v2\/posts\/33356\/revisions\/33358"}],"wp:featuredmedia":[{"embeddable":true,"href":"https:\/\/haberbesiktas.tr\/index.php?rest_route=\/wp\/v2\/media\/33357"}],"wp:attachment":[{"href":"https:\/\/haberbesiktas.tr\/index.php?rest_route=%2Fwp%2Fv2%2Fmedia&parent=33356"}],"wp:term":[{"taxonomy":"category","embeddable":true,"href":"https:\/\/haberbesiktas.tr\/index.php?rest_route=%2Fwp%2Fv2%2Fcategories&post=33356"},{"taxonomy":"post_tag","embeddable":true,"href":"https:\/\/haberbesiktas.tr\/index.php?rest_route=%2Fwp%2Fv2%2Ftags&post=33356"}],"curies":[{"name":"wp","href":"https:\/\/api.w.org\/{rel}","templated":true}]}}