{"id":33362,"date":"2025-05-23T03:24:19","date_gmt":"2025-05-23T03:24:19","guid":{"rendered":"https:\/\/haberbesiktas.tr\/?p=33362"},"modified":"2025-05-23T03:24:19","modified_gmt":"2025-05-23T03:24:19","slug":"galatasarayda-hedef-andriy-lunin","status":"publish","type":"post","link":"https:\/\/haberbesiktas.tr\/?p=33362","title":{"rendered":"Galatasaray&#8217;da hedef Andriy Lunin!"},"content":{"rendered":"<div>2018 y\u0131l\u0131ndan beri Real Madrid tak\u0131m\u0131nda yer alan 26 ya\u015f\u0131ndaki Ukraynal\u0131 kaleci, bilhassa Thibaut Courtois&#8217;n\u0131n sakatland\u0131\u011f\u0131 devirde g\u00f6sterdi\u011fi performansla dikkatleri \u00fczerine \u00e7ekti.<\/p>\n<p> Ukrayna Ulusal Grubu&#8217;nun da birinci kalecisi olan Lunin, ge\u00e7ti\u011fimiz g\u00fcnlerde \u00fclkesinin Bel\u00e7ika&#8217;y\u0131 3-1 yendi\u011fi ma\u00e7ta alanda parlad\u0131.<\/p>\n<p> <strong>TRANSFER G\u00dc\u00c7 LAK\u0130N \u0130MKANSIZ DE\u011e\u0130L<\/strong><\/p>\n<p> 1.91 uzunlu\u011fundaki Lunin&#8217;in piyasa bedeli yakla\u015f\u0131k 20 milyon euro ve Real Madrid ile 2030 y\u0131l\u0131na kadar mukavelesi bulunuyor. Lakin Courtois&#8217;n\u0131n gerisinde yedek beklemek istemeyen ba\u015far\u0131l\u0131 kaleci, daha fazla forma talihi bulabilece\u011fi bir gruba transfer olma fikrine s\u0131cak bak\u0131yor.<\/p>\n<p> Galatasaray, \u015eampiyonlar Ligi fakt\u00f6r\u00fcn\u00fc devreye sokarak Lunin&#8217;i ikna etmeye \u00e7al\u0131\u015facak.<\/p>\n<p> \u0130dare, transfer b\u00fct\u00e7esinin k\u0131ymetli bir k\u0131sm\u0131n\u0131 bu operasyon i\u00e7in ay\u0131rmay\u0131 planlarken, Ukraynal\u0131 kaleciye Manchester United, PSG ve Bayern M\u00fcnih&#8217;in de ilgi g\u00f6sterdi\u011fi belirtiliyor.<\/p>\n<p> Sar\u0131-k\u0131rm\u0131z\u0131l\u0131lar, g\u00fc\u00e7l\u00fc rakiplerine kar\u015f\u0131n Lunin transferini bitirmek i\u00e7in \u00f6n\u00fcm\u00fczdeki g\u00fcnlerde Real Madrid ile resmi temaslar\u0131 ba\u015flatmaya haz\u0131rlan\u0131yor.\u00a0<\/p>\n<div>\u00a0<\/div>\n<\/div>\n<p><\/p>\n","protected":false},"excerpt":{"rendered":"<p>Fernando Muslera ile d\u00f6nem sonunda yollar\u0131 ay\u0131rmay\u0131 planlayan Galatasaray, uzun y\u0131llar kaleyi emanet edebilece\u011fi bir isim aray\u0131\u015f\u0131nda. Sar\u0131-k\u0131rm\u0131z\u0131l\u0131 idare, bu do\u011frultuda rotas\u0131n\u0131 d\u00fcnya devlerinden Real Madrid&#8217;in ba\u015far\u0131l\u0131 file bek\u00e7isi Andriy Lunin&#8217;e \u00e7evirdi.<\/p>\n","protected":false},"author":1,"featured_media":33363,"comment_status":"open","ping_status":"open","sticky":false,"template":"","format":"standard","meta":{"footnotes":""},"categories":[25],"tags":[],"class_list":["post-33362","post","type-post","status-publish","format-standard","has-post-thumbnail","hentry","category-futbol"],"_links":{"self":[{"href":"https:\/\/haberbesiktas.tr\/index.php?rest_route=\/wp\/v2\/posts\/33362","targetHints":{"allow":["GET"]}}],"collection":[{"href":"https:\/\/haberbesiktas.tr\/index.php?rest_route=\/wp\/v2\/posts"}],"about":[{"href":"https:\/\/haberbesiktas.tr\/index.php?rest_route=\/wp\/v2\/types\/post"}],"author":[{"embeddable":true,"href":"https:\/\/haberbesiktas.tr\/index.php?rest_route=\/wp\/v2\/users\/1"}],"replies":[{"embeddable":true,"href":"https:\/\/haberbesiktas.tr\/index.php?rest_route=%2Fwp%2Fv2%2Fcomments&post=33362"}],"version-history":[{"count":1,"href":"https:\/\/haberbesiktas.tr\/index.php?rest_route=\/wp\/v2\/posts\/33362\/revisions"}],"predecessor-version":[{"id":33364,"href":"https:\/\/haberbesiktas.tr\/index.php?rest_route=\/wp\/v2\/posts\/33362\/revisions\/33364"}],"wp:featuredmedia":[{"embeddable":true,"href":"https:\/\/haberbesiktas.tr\/index.php?rest_route=\/wp\/v2\/media\/33363"}],"wp:attachment":[{"href":"https:\/\/haberbesiktas.tr\/index.php?rest_route=%2Fwp%2Fv2%2Fmedia&parent=33362"}],"wp:term":[{"taxonomy":"category","embeddable":true,"href":"https:\/\/haberbesiktas.tr\/index.php?rest_route=%2Fwp%2Fv2%2Fcategories&post=33362"},{"taxonomy":"post_tag","embeddable":true,"href":"https:\/\/haberbesiktas.tr\/index.php?rest_route=%2Fwp%2Fv2%2Ftags&post=33362"}],"curies":[{"name":"wp","href":"https:\/\/api.w.org\/{rel}","templated":true}]}}