{"id":33368,"date":"2025-05-23T03:48:21","date_gmt":"2025-05-23T03:48:21","guid":{"rendered":"https:\/\/haberbesiktas.tr\/?p=33368"},"modified":"2025-05-23T03:48:21","modified_gmt":"2025-05-23T03:48:21","slug":"trabzonsporda-buyuk-deger-kaybi","status":"publish","type":"post","link":"https:\/\/haberbesiktas.tr\/?p=33368","title":{"rendered":"Trabzonspor&#8217;da b\u00fcy\u00fck de\u011fer kayb\u0131!"},"content":{"rendered":"<div>Fatih Tekke&#8217;nin gelmesinin akabinde karamsar tablonun da\u011f\u0131ld\u0131\u011f\u0131 Trabzonspor bu d\u00f6nem ama\u00e7lar\u0131n\u0131n \u00e7ok uza\u011f\u0131nda kald\u0131. Ligde doruktan uzakla\u015f\u0131lmas\u0131, Avrupa&#8217;ya veda ve oynanan etkisiz futbol nedeniyle grupta b\u00fcy\u00fck k\u0131ymet d\u00fc\u015f\u00fc\u015fleri ya\u015fand\u0131. <\/p>\n<p>Transfermarkt T\u00fcrkiye yeni bir g\u00fcncellemeye gitti ve F\u0131rt\u0131na&#8217;da 12 futbolcu paha kayb\u0131 ya\u015fad\u0131. Bordo-mavili grupta bir\u00e7ok y\u0131ld\u0131z isim, \u00f6nemli oranda piyasa d\u00fc\u015f\u00fc\u015f\u00fcyle kar\u015f\u0131 kar\u015f\u0131ya kald\u0131. \u0130\u015fte paha kayb\u0131 ya\u015fayan futbolcular:<\/p>\n<p> <strong>U\u011eURCAN \u00c7AKIR: 8 M\u0130LYON<\/strong><\/p>\n<p> Kaptan U\u011furcan \u00c7ak\u0131r&#8217;\u0131n piyasa bedeli de\u011fi\u015fmeyerek 8 milyon euro&#8217;da kald\u0131. 28 ya\u015f\u0131ndaki eldiven \u00dcst\u00fcn Lig&#8217;in en pahal\u0131 30 futbolcusu ortas\u0131nda yer ald\u0131. 1.91 uzunlu\u011fundaki futbolcunun piyasa pahas\u0131, 2021&#8217;de 19 milyon euro&#8217;ya kadar \u00e7\u0131km\u0131\u015ft\u0131.<\/p>\n<p> <strong>DE\u011eER\u0130 D\u00dc\u015eEN FUTBOLCULAR<\/strong><\/p>\n<p> Onur \u00c7evikkan 100 bin euro d\u00fc\u015f\u00fc\u015f (Yeni bedeli: 1.2 milyon euro) Taha Zirve 50 bin euro d\u00fc\u015f\u00fc\u015f (Yeni k\u0131ymeti: 100 bin euro) Serdar Saat\u00e7\u0131 500 bin euro d\u00fc\u015f\u00fc\u015f (Yeni pahas\u0131: 3 milyon euro) Stefan Savic 200 bin euro d\u00fc\u015f\u00fc\u015f (Yeni k\u0131ymeti: 1.1 milyon euro) H\u00fcseyin T\u00fcrkmen 25 bin euro d\u00fc\u015f\u00fc\u015f (Yeni pahas\u0131: 150 bin euro) Okay Yoku\u015flu 300 bin euro d\u00fc\u015f\u00fc\u015f (Yeni bedeli: 2.7 milyon euro) Lundstram 400 bin euro d\u00fc\u015f\u00fc\u015f (Yeni k\u0131ymeti: 3.2 milyon euro) Vi\u015f\u00e7a 200 bin euro d\u00fc\u015f\u00fc\u015f (Yeni bedeli: 1.6 milyon euro) Enis Destan 300 bin euro d\u00fc\u015f\u00fc\u015f (Yeni bedeli: 3 milyon euro) Ozan Tufan 100 bin euro d\u00fc\u015f\u00fc\u015f (Yeni pahas\u0131: 2.4 milyon euro) Nwakaeme 200 bin euro d\u00fc\u015f\u00fc\u015f (Yeni bedeli: 800 bin euro) Dragu\u015f 200 bin euro d\u00fc\u015f\u00fc\u015f (Yeni bedeli: 3.8 milyon euro)<\/p>\n<p> <strong>BANZA B\u0130R\u0130NC\u0130 10 ARASINDA<\/strong><\/p>\n<p> TRENDYOL \u00dcst\u00fcn Lig&#8217;in en bedelli 10 oyuncusu ortas\u0131nda ise Trabzonspor&#8217;dan Simon Banza yer ald\u0131. 28 ya\u015f\u0131ndaki Demotratik Kongolu forvetin yeni piyasa bedeli 15 milyon euro oldu. Fakat 2027&#8217;de Braga&#8217;da tam 18 milyon euro&#8217;yu g\u00f6rm\u00fc\u015ft\u00fc.\u00a0<\/p>\n<div>\u00a0<\/div>\n<p> \u00a0<\/p>\n<\/div>\n<p><\/p>\n","protected":false},"excerpt":{"rendered":"<p>Trabzonspor&#8217;da forma giyen tam 12 futbolcu k\u0131ymet d\u00fc\u015f\u00fc\u015f\u00fc ya\u015fad\u0131. En b\u00fcy\u00fck kay\u0131p 500 bin euro ile Serdar Saat\u00e7\u0131&#8217;nin oldu.<\/p>\n","protected":false},"author":1,"featured_media":33369,"comment_status":"open","ping_status":"open","sticky":false,"template":"","format":"standard","meta":{"footnotes":""},"categories":[25],"tags":[1237,172,195,131],"class_list":["post-33368","post","type-post","status-publish","format-standard","has-post-thumbnail","hentry","category-futbol","tag-euro","tag-futbol","tag-milyon","tag-milyon-euro"],"_links":{"self":[{"href":"https:\/\/haberbesiktas.tr\/index.php?rest_route=\/wp\/v2\/posts\/33368","targetHints":{"allow":["GET"]}}],"collection":[{"href":"https:\/\/haberbesiktas.tr\/index.php?rest_route=\/wp\/v2\/posts"}],"about":[{"href":"https:\/\/haberbesiktas.tr\/index.php?rest_route=\/wp\/v2\/types\/post"}],"author":[{"embeddable":true,"href":"https:\/\/haberbesiktas.tr\/index.php?rest_route=\/wp\/v2\/users\/1"}],"replies":[{"embeddable":true,"href":"https:\/\/haberbesiktas.tr\/index.php?rest_route=%2Fwp%2Fv2%2Fcomments&post=33368"}],"version-history":[{"count":1,"href":"https:\/\/haberbesiktas.tr\/index.php?rest_route=\/wp\/v2\/posts\/33368\/revisions"}],"predecessor-version":[{"id":33370,"href":"https:\/\/haberbesiktas.tr\/index.php?rest_route=\/wp\/v2\/posts\/33368\/revisions\/33370"}],"wp:featuredmedia":[{"embeddable":true,"href":"https:\/\/haberbesiktas.tr\/index.php?rest_route=\/wp\/v2\/media\/33369"}],"wp:attachment":[{"href":"https:\/\/haberbesiktas.tr\/index.php?rest_route=%2Fwp%2Fv2%2Fmedia&parent=33368"}],"wp:term":[{"taxonomy":"category","embeddable":true,"href":"https:\/\/haberbesiktas.tr\/index.php?rest_route=%2Fwp%2Fv2%2Fcategories&post=33368"},{"taxonomy":"post_tag","embeddable":true,"href":"https:\/\/haberbesiktas.tr\/index.php?rest_route=%2Fwp%2Fv2%2Ftags&post=33368"}],"curies":[{"name":"wp","href":"https:\/\/api.w.org\/{rel}","templated":true}]}}