{"id":33387,"date":"2025-05-23T05:00:20","date_gmt":"2025-05-23T05:00:20","guid":{"rendered":"https:\/\/haberbesiktas.tr\/?p=33387"},"modified":"2025-05-23T05:00:20","modified_gmt":"2025-05-23T05:00:20","slug":"melikgazi-kayseri-basketbol-play-offa-kalmanin-mutlulugunu-yasiyor","status":"publish","type":"post","link":"https:\/\/haberbesiktas.tr\/?p=33387","title":{"rendered":"Melikgazi Kayseri Basketbol, play-off&#8217;a kalman\u0131n mutlulu\u011funu ya\u015f\u0131yor"},"content":{"rendered":"<div>ING Bayanlar Basketbol S\u00fcper Ligi tak\u0131mlar\u0131ndan Melikgazi Kayseri Basketbol&#8217;un ba\u015fantren\u00f6r\u00fc Emre \u00d6zsar\u0131, play-off \u00e7eyrek finalde e\u015fle\u015ftikleri Fenerbah\u00e7e Opet&#8217;i elemek i\u00e7in ellerinden geleni yapacaklar\u0131n\u0131 s\u00f6yledi.<\/p>\n<p> Son iki haftada ald\u0131\u011f\u0131 galibiyetlerle ligde ola\u011fan d\u00f6nemi 8. s\u0131rada tamamlayan Kayseri tak\u0131m\u0131n\u0131n ba\u015fantren\u00f6r\u00fc \u00d6zsar\u0131, AA muhabirine yapt\u0131\u011f\u0131 a\u00e7\u0131klamada, 4 y\u0131l sonra play-off&#8217;a kalman\u0131n memnunlu\u011funu ya\u015fad\u0131klar\u0131n\u0131 ifade etti.<\/p>\n<p> Ligde son iki haftada \u00e2l\u00e2 bir gayret sergilendiklerini vurgulayan \u00d6zsar\u0131, &#8220;Bu iki ma\u00e7\u0131 3 yabanc\u0131yla oynad\u0131k. Deplasmanda Nesibe Ayd\u0131n&#8217;\u0131, alan\u0131m\u0131zda da Be\u015fikta\u015f&#8217;\u0131 ma\u011flup ederek play-off&#8217;a kald\u0131k. \u00c7ok memnunuz.&#8221; dedi.<\/p>\n<p> \u015euurlu ve basketbolu bilen bir taraftara sahip olduklar\u0131n\u0131 belirten \u00d6zsar\u0131, bu taraftar\u0131n muvaffakiyetin b\u00fct\u00e7e ve performansla ger\u00e7ek orant\u0131l\u0131 oldu\u011funu bildi\u011fini lisana getirdi.<\/p>\n<p> <strong>&#8220;Fenerbah\u00e7e&#8217;yi 7 y\u0131l sonra meskeninde yenen biz olduk<\/strong><\/p>\n<p> Emre \u00d6zsar\u0131, d\u00fc\u015f\u00fck b\u00fct\u00e7elerine ligde \u00e7ok uygun gayret ettiklerini lisana getirdi.<\/p>\n<p> Performanslar\u0131ndan \u00f6t\u00fcr\u00fc oyuncular\u0131n\u0131 tebrik eden \u00d6zsar\u0131, \u015funlar\u0131 kaydetti:<\/p>\n<p> &#8220;Hem yabanc\u0131 hem de yerli oyuncular d\u00f6nem boyunca ellerinden geleni yapt\u0131. Play-off&#8217;a kalabilmek i\u00e7in \u00e7ok \u00e7aba ettik ve kazand\u0131k. \u0130n\u015fallah bundan sonraki y\u0131llarda daha yeterli yerlerde olur ve taraftarlar\u0131m\u0131za daha g\u00fczel ma\u00e7lar izletebiliriz. Fenerbah\u00e7e ile e\u015fle\u015ftik. Fenerbah\u00e7e oyuncusuyla, ko\u00e7uyla, taraftar\u0131yla \u00e7ok b\u00fcy\u00fck bir kul\u00fcp, \u00e7ok b\u00fcy\u00fck bir topluluk, b\u00fcy\u00fck bir tak\u0131m. Fenerbah\u00e7e ligde alan\u0131nda 7 y\u0131l sonra birinci ma\u00e7\u0131n\u0131 bu d\u00f6nem bize kaybetti. Yani Fenerbah\u00e7e&#8217;yi 7 y\u0131l sonra meskeninde yenen biz olduk. O g\u00fcnk\u00fc atmosferle \u015fu anki motivasyonun farkl\u0131 olaca\u011f\u0131n\u0131 da biliyoruz. Fenerbah\u00e7e daha farkl\u0131 bir motivasyonla o ma\u00e7a \u00e7\u0131kacakt\u0131r. Oyuncu rotasyonlar\u0131n\u0131 buna nazaran yapacaklard\u0131r.&#8221;<\/p>\n<p><strong>&#8220;Sahada u\u011fra\u015f edelim, sonucun ne oldu\u011fu k\u0131ymetli de\u011fil&#8221;<\/strong><\/p>\n<p> Emre \u00d6zsar\u0131, Kayseri temsilcisinin son olarak 2019-2020 d\u00f6neminde ola\u011fan d\u00f6nemi 7. s\u0131rada tamamlayarak play-off&#8217;a kalma ba\u015far\u0131s\u0131 g\u00f6sterdi\u011fini an\u0131msatt\u0131.<\/p>\n<p> Play-off \u00e7eyrek finalde ba\u015far\u0131l\u0131 olmak i\u00e7in ellerinden geleni yapacaklar\u0131n\u0131 vurgulayan \u00d6zsar\u0131, kelamlar\u0131n\u0131 \u015f\u00f6yle tamamlad\u0131:<\/p>\n<p> &#8220;Sahada u\u011fra\u015f edelim, elimizden geleni yapal\u0131m, sonucun ne oldu\u011fu de\u011ferli de\u011fil. Bizim i\u00e7in g\u00fc\u00e7 bir s\u00fcre\u00e7 lakin play-off&#8217;ta olmak, buralar\u0131 kovalamak, bu atmosferi y\u0131llar sonra tekrardan ya\u015famak, taraftara ya\u015fatmak bizi \u00e7ok memnun etti. \u00c7ok d\u00fc\u015f\u00fck bir b\u00fct\u00e7eyle kurulan kadronun play-off&#8217;a kalmas\u0131, \u00f6n\u00fcm\u00fczdeki d\u00f6nem i\u00e7in bize olan inanc\u0131 art\u0131racakt\u0131r. Oyuncu getirmemiz de kolayla\u015facakt\u0131r. Motivasyonumuzu daha \u00e7ok art\u0131racakt\u0131r. \u0130n\u015fallah \u00f6n\u00fcm\u00fczdeki d\u00f6nem daha uygun yerlerde olaca\u011f\u0131m\u0131z bir d\u00f6nem olur.&#8221;<\/p>\n<p> E\u015fle\u015fmede iki ekip ortas\u0131ndaki birinci ma\u00e7, 26 Mart \u00c7ar\u015famba g\u00fcn\u00fc \u0130stanbul&#8217;da oynanacak.<\/p>\n<\/div>\n<p><\/p>\n","protected":false},"excerpt":{"rendered":"<p>Melikgazi Kayseri Basketbol&#8217;de Ba\u015fantren\u00f6r Emre \u00d6zsar\u0131 a\u00e7\u0131klamalarda bulundu.<\/p>\n","protected":false},"author":1,"featured_media":33388,"comment_status":"open","ping_status":"open","sticky":false,"template":"","format":"standard","meta":{"footnotes":""},"categories":[10],"tags":[115,601,49,1333,57],"class_list":["post-33387","post","type-post","status-publish","format-standard","has-post-thumbnail","hentry","category-basketbol","tag-fenerbahce","tag-mucadele","tag-oyuncu","tag-play-off","tag-sezon"],"_links":{"self":[{"href":"https:\/\/haberbesiktas.tr\/index.php?rest_route=\/wp\/v2\/posts\/33387","targetHints":{"allow":["GET"]}}],"collection":[{"href":"https:\/\/haberbesiktas.tr\/index.php?rest_route=\/wp\/v2\/posts"}],"about":[{"href":"https:\/\/haberbesiktas.tr\/index.php?rest_route=\/wp\/v2\/types\/post"}],"author":[{"embeddable":true,"href":"https:\/\/haberbesiktas.tr\/index.php?rest_route=\/wp\/v2\/users\/1"}],"replies":[{"embeddable":true,"href":"https:\/\/haberbesiktas.tr\/index.php?rest_route=%2Fwp%2Fv2%2Fcomments&post=33387"}],"version-history":[{"count":1,"href":"https:\/\/haberbesiktas.tr\/index.php?rest_route=\/wp\/v2\/posts\/33387\/revisions"}],"predecessor-version":[{"id":33389,"href":"https:\/\/haberbesiktas.tr\/index.php?rest_route=\/wp\/v2\/posts\/33387\/revisions\/33389"}],"wp:featuredmedia":[{"embeddable":true,"href":"https:\/\/haberbesiktas.tr\/index.php?rest_route=\/wp\/v2\/media\/33388"}],"wp:attachment":[{"href":"https:\/\/haberbesiktas.tr\/index.php?rest_route=%2Fwp%2Fv2%2Fmedia&parent=33387"}],"wp:term":[{"taxonomy":"category","embeddable":true,"href":"https:\/\/haberbesiktas.tr\/index.php?rest_route=%2Fwp%2Fv2%2Fcategories&post=33387"},{"taxonomy":"post_tag","embeddable":true,"href":"https:\/\/haberbesiktas.tr\/index.php?rest_route=%2Fwp%2Fv2%2Ftags&post=33387"}],"curies":[{"name":"wp","href":"https:\/\/api.w.org\/{rel}","templated":true}]}}