{"id":33393,"date":"2025-05-23T05:24:19","date_gmt":"2025-05-23T05:24:19","guid":{"rendered":"https:\/\/haberbesiktas.tr\/?p=33393"},"modified":"2025-05-23T05:24:19","modified_gmt":"2025-05-23T05:24:19","slug":"dunya-kupasi-avrupa-elemelerinde-2-hafta-maclari-baslayacak","status":"publish","type":"post","link":"https:\/\/haberbesiktas.tr\/?p=33393","title":{"rendered":"D\u00fcnya Kupas\u0131 Avrupa Elemeleri&#8217;nde 2. hafta ma\u00e7lar\u0131 ba\u015flayacak"},"content":{"rendered":"<div>\n<div> 2026 FIFA D\u00fcnya Kupas\u0131 Avrupa Elemeleri&#8217;nde ikinci hafta ma\u00e7lar\u0131 pazartesi ba\u015flayacak.<\/p>\n<p> D\u00fcnya Kupas\u0131&#8217;na Avrupa k\u0131tas\u0131ndan kat\u0131lacak 16 kadronun belirlenece\u011fi elemelerin ikinci haftas\u0131nda yar\u0131n ve 25 Mart Sal\u0131 g\u00fcn\u00fc 12 ma\u00e7 yap\u0131lacak.<\/p>\n<p> A Ulusal Futbol Kadrosu&#8217;nun birinci ma\u00e7\u0131na 4 Eyl\u00fcl&#8217;de \u00e7\u0131kaca\u011f\u0131 elemelerde ikinci hafta ma\u00e7 program\u0131 (TS\u0130) \u015f\u00f6yle:<\/p>\n<p> <strong><br \/>24 Mart Pazartesi:<\/strong><\/p>\n<p> <strong><br \/>G Grubu<\/strong><\/p>\n<p> 20.00 Litvanya-Finlandiya<\/p>\n<p> 22.45 Polonya-Malta<\/p>\n<p> <strong>H Grubu<\/strong><\/p>\n<p> 22.45 San Marino-Romanya<\/p>\n<p> 22.45 Bosna Hersek-K\u0131br\u0131s Rum Kesimi<\/p>\n<p> <strong>K Grubu<\/strong><\/p>\n<p> 22.45 Arnavutluk-Andorra<\/p>\n<p> 22.45 \u0130ngiltere-Letonya<\/p>\n<p> <strong>25 Mart Sal\u0131:<\/strong><\/p>\n<p> &#8211; I Grubu<\/p>\n<p> 20.00 Moldova-Estonya<\/p>\n<p> 22.45 \u0130srail-Norve\u00e7<\/p>\n<p> <strong>J Grubu<\/strong><\/p>\n<p> 22.45 Kuzey Makedonya-Galler<\/p>\n<p> 22.45 Lihten\u015ftayn-Kazakistan<\/p>\n<p> <strong>L Grubu<\/strong><\/p>\n<p> 22.45 Cebelitar\u0131k-\u00c7ekya<\/p>\n<p> 22.45 Karada\u011f-Faroe Adalar\u0131<\/p><\/div>\n<\/div>\n<p><\/p>\n","protected":false},"excerpt":{"rendered":"<p>2026 FIFA D\u00fcnya Kupas\u0131 Avrupa Elemeleri&#8217;nde ikinci hafta ma\u00e7lar\u0131 pazartesi ba\u015flayacak.<\/p>\n","protected":false},"author":1,"featured_media":33394,"comment_status":"open","ping_status":"open","sticky":false,"template":"","format":"standard","meta":{"footnotes":""},"categories":[25],"tags":[],"class_list":["post-33393","post","type-post","status-publish","format-standard","has-post-thumbnail","hentry","category-futbol"],"_links":{"self":[{"href":"https:\/\/haberbesiktas.tr\/index.php?rest_route=\/wp\/v2\/posts\/33393","targetHints":{"allow":["GET"]}}],"collection":[{"href":"https:\/\/haberbesiktas.tr\/index.php?rest_route=\/wp\/v2\/posts"}],"about":[{"href":"https:\/\/haberbesiktas.tr\/index.php?rest_route=\/wp\/v2\/types\/post"}],"author":[{"embeddable":true,"href":"https:\/\/haberbesiktas.tr\/index.php?rest_route=\/wp\/v2\/users\/1"}],"replies":[{"embeddable":true,"href":"https:\/\/haberbesiktas.tr\/index.php?rest_route=%2Fwp%2Fv2%2Fcomments&post=33393"}],"version-history":[{"count":1,"href":"https:\/\/haberbesiktas.tr\/index.php?rest_route=\/wp\/v2\/posts\/33393\/revisions"}],"predecessor-version":[{"id":33395,"href":"https:\/\/haberbesiktas.tr\/index.php?rest_route=\/wp\/v2\/posts\/33393\/revisions\/33395"}],"wp:featuredmedia":[{"embeddable":true,"href":"https:\/\/haberbesiktas.tr\/index.php?rest_route=\/wp\/v2\/media\/33394"}],"wp:attachment":[{"href":"https:\/\/haberbesiktas.tr\/index.php?rest_route=%2Fwp%2Fv2%2Fmedia&parent=33393"}],"wp:term":[{"taxonomy":"category","embeddable":true,"href":"https:\/\/haberbesiktas.tr\/index.php?rest_route=%2Fwp%2Fv2%2Fcategories&post=33393"},{"taxonomy":"post_tag","embeddable":true,"href":"https:\/\/haberbesiktas.tr\/index.php?rest_route=%2Fwp%2Fv2%2Ftags&post=33393"}],"curies":[{"name":"wp","href":"https:\/\/api.w.org\/{rel}","templated":true}]}}