{"id":33399,"date":"2025-05-23T05:48:14","date_gmt":"2025-05-23T05:48:14","guid":{"rendered":"https:\/\/haberbesiktas.tr\/?p=33399"},"modified":"2025-05-23T05:48:14","modified_gmt":"2025-05-23T05:48:14","slug":"manisa-basket-atesle-oynuyor","status":"publish","type":"post","link":"https:\/\/haberbesiktas.tr\/?p=33399","title":{"rendered":"Manisa Basket ate\u015fle oynuyor"},"content":{"rendered":"<div><span>Basketbol Harika Ligi&#8217;nde \u00fc\u00e7\u00fcnc\u00fc d\u00f6nemini ge\u00e7iren Manisa Basket, son 3 ma\u00e7\u0131n\u0131 kaybederek d\u00fc\u015fme korkusu ya\u015famaya ba\u015flad\u0131. Ge\u00e7en d\u00f6nem birinci kere FIBA Europe Cup&#8217;ta yer alan, bu d\u00f6nem da birinci defa gayret etti\u011fi \u015eampiyonlar Ligi&#8217;nde son 16 kadro ortas\u0131na kalan Manisa tak\u0131m\u0131, Avrupa&#8217;daki ba\u015far\u0131s\u0131n\u0131 ligde sergileyemedi. <\/p>\n<p>Evinde T\u00fcrk Telekom&#8217;a da 89-87 yenilen Manisa, son 9 haftaya 22 ma\u00e7ta 6 galibiyetle d\u00fc\u015fme potas\u0131nda girdi. Manisa Basket, \u00e7eyrek final talihini yitirdi\u011fi \u015eampiyonlar Ligi Son 16 Tipi&#8217;nde ise son k\u00fcme ma\u00e7\u0131n\u0131 hafta i\u00e7inde 25 Mart Sal\u0131 g\u00fcn\u00fc Galatasaray deplasman\u0131nda oynayacak.<\/span><\/div>\n<p><\/p>\n","protected":false},"excerpt":{"rendered":"<p>Manisa Basket, son 3 ma\u00e7\u0131n\u0131 kaybederek \u00dcst\u00fcn Lig&#8217;den d\u00fc\u015fme korkusu ya\u015famaya ba\u015flad\u0131.<\/p>\n","protected":false},"author":1,"featured_media":33400,"comment_status":"open","ping_status":"open","sticky":false,"template":"","format":"standard","meta":{"footnotes":""},"categories":[10],"tags":[],"class_list":["post-33399","post","type-post","status-publish","format-standard","has-post-thumbnail","hentry","category-basketbol"],"_links":{"self":[{"href":"https:\/\/haberbesiktas.tr\/index.php?rest_route=\/wp\/v2\/posts\/33399","targetHints":{"allow":["GET"]}}],"collection":[{"href":"https:\/\/haberbesiktas.tr\/index.php?rest_route=\/wp\/v2\/posts"}],"about":[{"href":"https:\/\/haberbesiktas.tr\/index.php?rest_route=\/wp\/v2\/types\/post"}],"author":[{"embeddable":true,"href":"https:\/\/haberbesiktas.tr\/index.php?rest_route=\/wp\/v2\/users\/1"}],"replies":[{"embeddable":true,"href":"https:\/\/haberbesiktas.tr\/index.php?rest_route=%2Fwp%2Fv2%2Fcomments&post=33399"}],"version-history":[{"count":1,"href":"https:\/\/haberbesiktas.tr\/index.php?rest_route=\/wp\/v2\/posts\/33399\/revisions"}],"predecessor-version":[{"id":33401,"href":"https:\/\/haberbesiktas.tr\/index.php?rest_route=\/wp\/v2\/posts\/33399\/revisions\/33401"}],"wp:featuredmedia":[{"embeddable":true,"href":"https:\/\/haberbesiktas.tr\/index.php?rest_route=\/wp\/v2\/media\/33400"}],"wp:attachment":[{"href":"https:\/\/haberbesiktas.tr\/index.php?rest_route=%2Fwp%2Fv2%2Fmedia&parent=33399"}],"wp:term":[{"taxonomy":"category","embeddable":true,"href":"https:\/\/haberbesiktas.tr\/index.php?rest_route=%2Fwp%2Fv2%2Fcategories&post=33399"},{"taxonomy":"post_tag","embeddable":true,"href":"https:\/\/haberbesiktas.tr\/index.php?rest_route=%2Fwp%2Fv2%2Ftags&post=33399"}],"curies":[{"name":"wp","href":"https:\/\/api.w.org\/{rel}","templated":true}]}}