{"id":33408,"date":"2025-05-23T06:24:14","date_gmt":"2025-05-23T06:24:14","guid":{"rendered":"https:\/\/haberbesiktas.tr\/?p=33408"},"modified":"2025-05-23T06:24:14","modified_gmt":"2025-05-23T06:24:14","slug":"kurekte-hedef-2032deki-olimpiyatlarda-tarihin-ilk-madalyasini-almak","status":"publish","type":"post","link":"https:\/\/haberbesiktas.tr\/?p=33408","title":{"rendered":"K\u00fcrekte hedef 2032&#8217;deki olimpiyatlarda tarihin ilk madalyas\u0131n\u0131 almak"},"content":{"rendered":"<div> T\u00fcrkiye K\u00fcrek Federasyonu Ba\u015fkan\u0131 Erhan Ert\u00fcrk, 2032&#8217;deki olimpiyatlarda T\u00fcrkiye&#8217;ye bu bran\u015ftaki birinci madalyay\u0131 getirmeyi hedeflediklerini s\u00f6yledi.<\/p>\n<p> Fethiye il\u00e7esinde d\u00fczenlenen Uzun Ara Deniz K\u00fcre\u011fi T\u00fcrkiye Kupas\u0131 yar\u0131\u015flar\u0131n\u0131 takip eden Erhan Ert\u00fcrk, AA muhabirine, d\u00f6rt y\u0131l evvel vazifeye ba\u015flad\u0131klar\u0131nda k\u00fcrek sporunda \u00e7izdikleri yol haritas\u0131n\u0131 anlatt\u0131.<\/p>\n<p> Bu s\u00fcre\u00e7te Gen\u00e7lik ve Spor Bakanl\u0131\u011f\u0131ndan ald\u0131klar\u0131 dayanakla maksatlar\u0131na ilerlediklerini belirten Ert\u00fcrk, &#8220;K\u00fcrek sporu de\u011ferli bir bran\u015f. Tesisle\u015fmeyi tamamlad\u0131ktan sonra birinci parkuru yapt\u0131k. B\u00f6ylelikle bir d\u00fczey \u00fcste \u00e7\u0131kt\u0131k ve tarihte birinci defa bayan atletimiz olimpiyatlara gitti.&#8221; dedi.<\/p>\n<p> Bayan erkek e\u015fitli\u011finin k\u00fcrek sporunda \u00e7ok k\u0131ymetli oldu\u011funu vurgulayan Ert\u00fcrk, politik a\u00e7\u0131dan da d\u00fcnyada federasyonlar\u0131n oy oranlar\u0131n\u0131n bununla ve yar\u0131\u015f ba\u015far\u0131lar\u0131yla belirlendi\u011fini s\u00f6yledi.<\/p>\n<p> D\u00f6rd\u00fcnc\u00fc y\u0131llar\u0131nda en \u00fcst huduttan oy verebilen federasyonlar ortas\u0131na girdiklerini anlatan Ert\u00fcrk, d\u00fcnya kongresinde 3 oy haklar\u0131n\u0131n bulundu\u011funu ve bunu spor taraf\u0131na da yans\u0131tt\u0131klar\u0131n\u0131 kaydetti.<\/p>\n<p> Ge\u00e7en y\u0131l d\u00fcnyan\u0131n en yeterli antren\u00f6r\u00fc se\u00e7ilen Antonio Colamonici ve Dorin Alupei&#8217;yi teknik \u015furaya katt\u0131klar\u0131n\u0131 hat\u0131rlatan Ert\u00fcrk, iki teknik adam\u0131n dan\u0131\u015fman olarak ulusal ekibe hizmet ettiklerini lisana getirdi.<\/p>\n<p> <strong>&#8211; &#8220;K\u00fcrek talih fakt\u00f6r\u00fcn\u00fcn \u00e7ok d\u00fc\u015f\u00fck oldu\u011fu bir spor&#8221;<\/strong><\/p>\n<p> K\u00fcrek sporunun hem ruhsal hem de fizyolojik olarak \u00e7ok s\u0131k\u0131nt\u0131, fedakarl\u0131k isteyen bir spor oldu\u011funu vurgulayan Ert\u00fcrk, \u015f\u00f6yle konu\u015ftu:<\/p>\n<p> &#8220;Amac\u0131m\u0131z Los Angeles&#8217;ta bir basamak \u00e7\u0131k\u0131p \u00fclkemizin en kalabal\u0131k spor bran\u015f\u0131 olmak ve 2032&#8217;de tarihin birinci k\u00fcrek madalyas\u0131n\u0131 \u00fclkemize getirmek. K\u00fcrek talih fakt\u00f6r\u00fcn\u00fcn \u00e7ok d\u00fc\u015f\u00fck oldu\u011fu bir spor. Yan yana girip yar\u0131\u015f\u0131p emek veren herkes kar\u015f\u0131l\u0131\u011f\u0131n\u0131 ald\u0131\u011f\u0131n\u0131 g\u00f6r\u00fcnce \u00e7ocuklarda da aidiyet duygusu \u00e7ok fazla oluyor. Olimpiyata gidenler esasen 10-12 y\u0131ll\u0131k bir emekten sonra gidiyor. Atletlerimizle daima toplant\u0131 halindeyiz. Atletlerimizin, hepimizin amac\u0131 bayra\u011f\u0131m\u0131z\u0131 en d\u00fczg\u00fcn bi\u00e7imde temsil etmek. B\u00fct\u00fcn hedefimiz atletlerimizin daha ba\u015far\u0131l\u0131 olmas\u0131 ve spora daha \u00e7ok \u00e7ocuk kazand\u0131rmak.&#8221;<\/p>\n<div>\u00a0<\/div>\n<\/p><\/div>\n<div>\u00a0<\/div>\n","protected":false},"excerpt":{"rendered":"<p>T\u00fcrkiye K\u00fcrek Federasyonu Ba\u015fkan\u0131 Erhan Ert\u00fcrk, 2032&#8217;deki olimpiyatlarda T\u00fcrkiye&#8217;ye bu bran\u015ftaki birinci madalyay\u0131 getirmeyi hedeflediklerini lisana getirdi.<\/p>\n","protected":false},"author":1,"featured_media":33409,"comment_status":"open","ping_status":"open","sticky":false,"template":"","format":"standard","meta":{"footnotes":""},"categories":[27],"tags":[2726,2284,65],"class_list":["post-33408","post","type-post","status-publish","format-standard","has-post-thumbnail","hentry","category-guncel-haberler","tag-erturk","tag-kurek","tag-spor"],"_links":{"self":[{"href":"https:\/\/haberbesiktas.tr\/index.php?rest_route=\/wp\/v2\/posts\/33408","targetHints":{"allow":["GET"]}}],"collection":[{"href":"https:\/\/haberbesiktas.tr\/index.php?rest_route=\/wp\/v2\/posts"}],"about":[{"href":"https:\/\/haberbesiktas.tr\/index.php?rest_route=\/wp\/v2\/types\/post"}],"author":[{"embeddable":true,"href":"https:\/\/haberbesiktas.tr\/index.php?rest_route=\/wp\/v2\/users\/1"}],"replies":[{"embeddable":true,"href":"https:\/\/haberbesiktas.tr\/index.php?rest_route=%2Fwp%2Fv2%2Fcomments&post=33408"}],"version-history":[{"count":1,"href":"https:\/\/haberbesiktas.tr\/index.php?rest_route=\/wp\/v2\/posts\/33408\/revisions"}],"predecessor-version":[{"id":33410,"href":"https:\/\/haberbesiktas.tr\/index.php?rest_route=\/wp\/v2\/posts\/33408\/revisions\/33410"}],"wp:featuredmedia":[{"embeddable":true,"href":"https:\/\/haberbesiktas.tr\/index.php?rest_route=\/wp\/v2\/media\/33409"}],"wp:attachment":[{"href":"https:\/\/haberbesiktas.tr\/index.php?rest_route=%2Fwp%2Fv2%2Fmedia&parent=33408"}],"wp:term":[{"taxonomy":"category","embeddable":true,"href":"https:\/\/haberbesiktas.tr\/index.php?rest_route=%2Fwp%2Fv2%2Fcategories&post=33408"},{"taxonomy":"post_tag","embeddable":true,"href":"https:\/\/haberbesiktas.tr\/index.php?rest_route=%2Fwp%2Fv2%2Ftags&post=33408"}],"curies":[{"name":"wp","href":"https:\/\/api.w.org\/{rel}","templated":true}]}}